{"id":9257,"date":"2025-10-24T13:32:11","date_gmt":"2025-10-24T16:32:11","guid":{"rendered":"https:\/\/conssanpaolo.esteri.it\/news\/dal_consolato\/2025\/10\/20a-edicao-do-festival-de-cinema-italiano-chega-no-brasil\/"},"modified":"2025-10-24T13:41:56","modified_gmt":"2025-10-24T16:41:56","slug":"20a-edicao-do-festival-de-cinema-italiano-chega-no-brasil","status":"publish","type":"post","link":"https:\/\/conssanpaolo.esteri.it\/pt\/news\/dal_consolato\/2025\/10\/20a-edicao-do-festival-de-cinema-italiano-chega-no-brasil\/","title":{"rendered":"20\u00aa edi\u00e7\u00e3o do Festival de Cinema Italiano chega no Brasil"},"content":{"rendered":"<p>A 20\u00aa edi\u00e7\u00e3o do Festival de Cinema Italiano chega ao Brasil em 29 de outubro de 2025 celebrando duas d\u00e9cadas de exibi\u00e7\u00e3o e difus\u00e3o da cinematografia italiana. Neste marco hist\u00f3rico, o evento re\u00fane uma sele\u00e7\u00e3o especial que mescla estreias in\u00e9ditas no pa\u00eds e uma retrospectiva de obras fundamentais, oferecendo ao p\u00fablico um panorama abrangente da riqueza e da diversidade do cinema da It\u00e1lia. O Festival \u00e9 um projeto organizado pela C\u00e2mara de Com\u00e9rcio Italiana de S\u00e3o Paulo \u2013 ITALCAM, em colabora\u00e7\u00e3o com a Embaixada da It\u00e1lia e com o Minist\u00e9rio da Cultura.<\/p>\n<p>Nesta edi\u00e7\u00e3o comemorativa, o evento homenageia os grandes maestros do cinema italiano: mestres do passado, que transformaram os escombros da guerra em imagens que emocionaram o mundo, e mestres do presente, que seguem expandindo esse legado com obras brilhantes, frutos diretos da heran\u00e7a deixada por seus predecessores.<\/p>\n<p>Na <strong>Se\u00e7\u00e3o In\u00e9ditos<\/strong>, o p\u00fablico ter\u00e1 oportunidade de ver algumas das produ\u00e7\u00f5es mais aguardadas do cinema italiano contempor\u00e2neo. Entre elas, est\u00e1 <em>Le Assaggiatrici<\/em> (As Provadoras de Hitler), de Silvio Soldini, que retrata a experi\u00eancia das mulheres for\u00e7adas a provar a comida de Hitler, e <em>Napoli-New York<\/em>, de Gabriele Salvatores, inspirado em uma hist\u00f3ria original de Fellini e Tullio Pinelli sobre duas crian\u00e7as que migram clandestinamente para os Estados Unidos no p\u00f3s-guerra. O festival tamb\u00e9m apresenta <em>Eterno Visionario<\/em>, de Michele Placido, um retrato \u00edntimo de Luigi Pirandello; <em>L\u2019Abbaglio<\/em> (A Ilus\u00e3o), de Roberto And\u00f2, sobre as estrat\u00e9gias militares de Giuseppe Garibaldi; e <em>Hey Joe<\/em>, de Claudio Giovannesi, estrelado por James Franco, sobre o reencontro dram\u00e1tico entre um veterano americano e o filho que nunca conheceu. As com\u00e9dias \u201c<em>La Vita da Grandi\u201d<\/em> (Irm\u00e3os), de Greta Scarano e \u201c<em>Ho Visto Un Re\u201d<\/em> (Eu Vi um Rei), de Giorgia Farina trazem humor ao festival, enquanto o tom nost\u00e1lgico marca o road movie <em>Le Citt\u00e0 di Pianura<\/em> (A \u00daltima Rodada), de Francesco Sossai que esteve na Mostra Um Certo Olhar do Festival de Cannes 2025. Premiado em Locarno, <em>Gioia Mia<\/em> (Ver\u00e3o na Sic\u00edlia), de Margherita Spampinato, explora o choque entre tradi\u00e7\u00e3o e modernidade, e <em>Diamanti<\/em>, de Ferzan \u00d6zpetek, brinca com os limites entre realidade e fic\u00e7\u00e3o ao reunir atrizes em uma Roma dos anos 1970. Completando a sele\u00e7\u00e3o, o document\u00e1rio <em>Roberto Rossellini, Pi\u00f9 di una Vita<\/em> (Mais que uma Vida) revisita a crise criativa e pessoal do mestre do neorrealismo nos anos 1950, revelando novos caminhos para sua obra, e o drama \u201c<em>Amata<\/em>\u201d (Amada), de Elisa Amoruso, revela o amor, a liberdade e a maternidade em suas m\u00faltiplas formas.<\/p>\n<p>&nbsp;<\/p>\n<p>J\u00e1 a <strong>Se\u00e7\u00e3o Retrospectiva<\/strong> homenageia os grandes maestros do cinema italiano, trazendo de volta \u00e0s telas obras que marcaram a hist\u00f3ria da s\u00e9tima arte. Entre os destaques est\u00e3o <em>Ladri di Biciclette<\/em> (Ladr\u00f5es de Bicicletas), de Vittorio De Sica, marco do neorrealismo, e <em>Pais\u00e0<\/em>, de Roberto Rossellini, que narra em epis\u00f3dios a liberta\u00e7\u00e3o da It\u00e1lia na Segunda Guerra. Tamb\u00e9m integram a programa\u00e7\u00e3o <em>Prima della Rivoluzione<\/em>, de Bernardo Bertolucci, sobre os dilemas ideol\u00f3gicos da juventude; <em>L\u2019Amore in Citt\u00e0<\/em> (Amor na Cidade), filme coletivo de Antonioni, Fellini, Zavattini e outros; e <em>Speriamo che sia Femmina<\/em> (Tomara que Seja Mulher), de Mario Monicelli, sobre solidariedade feminina em meio a crises familiares. O p\u00fablico poder\u00e1 rever ainda <em>Delitto d\u2019Amore<\/em> (Crime de Amor), de Luigi Comencini, ambientado no universo oper\u00e1rio; <em>L\u2019Assassino<\/em>, de Elio Petri, estrelado por Marcello Mastroianni; e <em>Enrico IV<\/em>, de Marco Bellocchio, inspirado em Pirandello. A sele\u00e7\u00e3o inclui ainda <em>Uomini Contro<\/em> (A Vontade de um General), de Francesco Rosi, den\u00fancia contundente da irracionalidade da guerra; <em>I Ragazzi di Via Panisperna<\/em>, de Gianni Amelio, sobre as descobertas cient\u00edficas de Enrico Fermi e Ettore Majorana; <em>Sopralluoghi in Palestina<\/em>, de Pier Paolo Pasolini, document\u00e1rio sobre a busca por loca\u00e7\u00f5es aut\u00eanticas para \u201cO Evangelho Segundo S\u00e3o Mateus\u201d; e <em>La Cena<\/em> (O Jantar), de Ettore Scola, que entrela\u00e7a vidas e dramas em um restaurante, revelando o cinema como palco da pr\u00f3pria vida.<\/p>\n<p>Confira onde assistir:<\/p>\n<table width=\"1138\">\n<tbody>\n<tr>\n<td width=\"507\">Local de exibi\u00e7\u00e3o<\/td>\n<td width=\"510\">Endere\u00e7o<\/td>\n<td width=\"121\">Munic\u00edpio<\/td>\n<\/tr>\n<tr>\n<td width=\"507\">Scuola Italiana Eugenio Montale<\/td>\n<td width=\"510\">R Doutor Jos\u00e9 Gustavo Busch, 75 &#8211; Morumbi, S\u00e3o Paulo &#8211; SP, 05705-190<\/td>\n<td width=\"121\">S\u00e3o Paulo<\/td>\n<\/tr>\n<tr>\n<td width=\"507\">REAG Belas Artes<\/td>\n<td width=\"510\">R. da Consola\u00e7\u00e3o, 2423 &#8211; Consola\u00e7\u00e3o,<\/td>\n<td width=\"121\">S\u00e3o Paulo<\/td>\n<\/tr>\n<tr>\n<td width=\"507\">CINUSP &#8211; O Cinema da USP<\/td>\n<td width=\"510\">Rua do Anfiteatro 109 &#8211; Butant\u00e3 &#8211; S\u00e3o Paulo, SP &#8211; CEP: 05508-060<\/td>\n<td width=\"121\">S\u00e3o Paulo<\/td>\n<\/tr>\n<tr>\n<td width=\"507\">Centro Cultural Banco do Brasil &#8211; CCBB-SP<\/td>\n<td width=\"510\">Rua \u00c1lvares Penteado, 112 \u2013 Cento Hist\u00f3rico SP \/ CEP: 01012-000<\/td>\n<td width=\"121\">S\u00e3o Paulo<\/td>\n<\/tr>\n<tr>\n<td width=\"507\">Audit\u00f3rio do Ibirapuera Oscar Niemeyer<\/td>\n<td width=\"510\">Av. Pedro \u00c1lvares Cabral, 0 &#8211; Ibirapuera, S\u00e3o Paulo &#8211; SP, 04094-050<\/td>\n<td width=\"121\">S\u00e3o Paulo<\/td>\n<\/tr>\n<tr>\n<td width=\"507\">Cine Vag\u00e3o | Societ\u00e0 Culturale Italiana di Sorocaba<\/td>\n<td width=\"510\">Societ\u00e0 Culturale Italiana di Sorocaba &#8211; Rua Dr. Braguinha, N\u00b0 39, Centro, Sorocaba, S.O.- CEP. 18.010.120<\/td>\n<td width=\"121\">Sorocaba<\/td>\n<\/tr>\n<tr>\n<td width=\"507\">Sesc Birigui<\/td>\n<td width=\"510\">R. Manoel Domingos Ventura, 121 &#8211; Vila Xavier, Birigui &#8211; SP, 16203-009<\/td>\n<td width=\"121\">Birigui<\/td>\n<\/tr>\n<tr>\n<td width=\"507\">Centro Brasil-It\u00e1lia<\/td>\n<td width=\"510\">Rua Jo\u00e3o Passos, 568 &#8211; Centro &#8211; Botucatu\/SP &#8211; Cep: 18.600-040<\/td>\n<td width=\"121\">Botucatu<\/td>\n<\/tr>\n<tr>\n<td width=\"507\">Associa\u00e7\u00e3o de Docentes da Unicamp &#8211; Adunicamp<\/td>\n<td width=\"510\">Av. \u00c9rico Ver\u00edssimo, 1479 &#8211; Cidade Universit\u00e1ria &#8211; Campinas &#8211; SP, CEP: 13083-851<\/td>\n<td width=\"121\">Campinas<\/td>\n<\/tr>\n<tr>\n<td width=\"507\">Cine Moras (Cineclub \u201cLa meglio giovent\u00f9\u201d)<\/td>\n<td width=\"510\">Av. Santa Isabel, 1125 &#8211; Vila Santa Isabel, Campinas &#8211; SP, 13084-643<\/td>\n<td width=\"121\">Campinas<\/td>\n<\/tr>\n<tr>\n<td width=\"507\">Audit\u00f3rio da Educa\u00e7\u00e3o, anexo ao pr\u00e9dio da Prefeitura de Itu<\/td>\n<td width=\"510\">Av. Itu 400 Anos, 111 &#8211; Novo Centro, Itu &#8211; SP, CEP: 13303-500<\/td>\n<td width=\"121\">Itu<\/td>\n<\/tr>\n<tr>\n<td width=\"507\">MoviecomCinemas<\/td>\n<td width=\"510\">Avenida Antonio Frederico Ozanan, 6000 &#8211; Jundia\u00ed (SP) &#8211; CEP: 13215-900<\/td>\n<td width=\"121\">Jundia\u00ed<\/td>\n<\/tr>\n<tr>\n<td width=\"507\">Espa\u00e7o Expressa<\/td>\n<td width=\"510\">Av. Uni\u00e3o dos Ferrovi\u00e1rios, 1760 &#8211; Pte. de Campinas, Jundia\u00ed &#8211; SP, CEP: 13201-160<\/td>\n<td width=\"121\">Jundia\u00ed<\/td>\n<\/tr>\n<tr>\n<td width=\"507\">Cine Mococa &#8211; Cineclube Prof. M\u00e1ximo Barro<\/td>\n<td width=\"510\">R. Coronel Diogo, 1323 &#8211; Centro, Mococa &#8211; SP, CEP: 13735-080<\/td>\n<td width=\"121\">Mococa<\/td>\n<\/tr>\n<tr>\n<td width=\"507\">Sesc Piracicaba<\/td>\n<td width=\"510\">R. Ipiranga, 155 &#8211; Centro, Piracicaba &#8211; SP, CEP: 13400-480<\/td>\n<td width=\"121\">Piracicaba<\/td>\n<\/tr>\n<tr>\n<td width=\"507\">Cineclube Spazio Culturale Antonio Pieroni<\/td>\n<td width=\"510\">Rua 4, n\u00ba 1334, Centro &#8211; Rio Claro (SP) &#8211; CEP: 13500-170<\/td>\n<td width=\"121\">Rio Claro<\/td>\n<\/tr>\n<tr>\n<td width=\"507\">Cine Arte Posto 4<\/td>\n<td width=\"510\">Av. Vicente de Carvalho &#8211; Gonzaga, Santos &#8211; SP, 11045-501<\/td>\n<td width=\"121\">Santos<\/td>\n<\/tr>\n<tr>\n<td width=\"507\">Funda\u00e7\u00e3o Universidade Federal do ABC (UFABC) &#8211; Campus S\u00e3o Bernardo do Campo<\/td>\n<td width=\"510\">Alameda da Universidade, s\/n\u00ba &#8211; Bairro Anchieta &#8211; S\u00e3o Bernardo do Campo &#8211; CEP: 09606-045<\/td>\n<td width=\"121\">S\u00e3o Bernardo do Campo<\/td>\n<\/tr>\n<tr>\n<td width=\"507\">Teatro Santos Dumont<\/td>\n<td width=\"510\">Av. Goi\u00e1s, 1111 &#8211; Centro, S\u00e3o Caetano do Sul &#8211; SP, CEP: 09521-310<\/td>\n<td width=\"121\">S\u00e3o Caetano do Sul<\/td>\n<\/tr>\n<\/tbody>\n<\/table>\n<p>&nbsp;<\/p>\n<p>As fichas t\u00e9cnicas de todos os filmes selecionados podem ser conferidas <a href=\"https:\/\/docs.google.com\/document\/d\/18Q5dd5utwW6dPQYA3fUN7R9rkha06KOrWbrmK3rh-uA\/edit?usp=sharing\">aqui<\/a>.<\/p>\n<h4>Mais informa\u00e7\u00f5es no site oficial do evento: <a href=\"https:\/\/festivalcinemaitaliano.com\/\">https:\/\/festivalcinemaitaliano.com\/<\/a><\/h4>\n","protected":false},"excerpt":{"rendered":"A 20\u00aa edi\u00e7\u00e3o do Festival de Cinema Italiano chega ao Brasil em 29 de outubro de 2025 celebrando duas d\u00e9cadas de exibi\u00e7\u00e3o e difus\u00e3o da cinematografia italiana. Neste marco hist\u00f3rico, o evento re\u00fane uma sele\u00e7\u00e3o especial que mescla estreias in\u00e9ditas no pa\u00eds e uma retrospectiva de obras fundamentais, oferecendo ao p\u00fablico um panorama abrangente da [&hellip;]","protected":false},"author":6,"featured_media":9260,"comment_status":"closed","ping_status":"closed","sticky":false,"template":"","format":"standard","meta":{"footnotes":""},"tags":[],"class_list":["post-9257","post","type-post","status-publish","format-standard","has-post-thumbnail","hentry"],"_links":{"self":[{"href":"https:\/\/conssanpaolo.esteri.it\/pt\/wp-json\/wp\/v2\/posts\/9257","targetHints":{"allow":["GET"]}}],"collection":[{"href":"https:\/\/conssanpaolo.esteri.it\/pt\/wp-json\/wp\/v2\/posts"}],"about":[{"href":"https:\/\/conssanpaolo.esteri.it\/pt\/wp-json\/wp\/v2\/types\/post"}],"author":[{"embeddable":true,"href":"https:\/\/conssanpaolo.esteri.it\/pt\/wp-json\/wp\/v2\/users\/6"}],"replies":[{"embeddable":true,"href":"https:\/\/conssanpaolo.esteri.it\/pt\/wp-json\/wp\/v2\/comments?post=9257"}],"version-history":[{"count":1,"href":"https:\/\/conssanpaolo.esteri.it\/pt\/wp-json\/wp\/v2\/posts\/9257\/revisions"}],"predecessor-version":[{"id":9263,"href":"https:\/\/conssanpaolo.esteri.it\/pt\/wp-json\/wp\/v2\/posts\/9257\/revisions\/9263"}],"wp:featuredmedia":[{"embeddable":true,"href":"https:\/\/conssanpaolo.esteri.it\/pt\/wp-json\/wp\/v2\/media\/9260"}],"wp:attachment":[{"href":"https:\/\/conssanpaolo.esteri.it\/pt\/wp-json\/wp\/v2\/media?parent=9257"}],"wp:term":[{"taxonomy":"post_tag","embeddable":true,"href":"https:\/\/conssanpaolo.esteri.it\/pt\/wp-json\/wp\/v2\/tags?post=9257"}],"curies":[{"name":"wp","href":"https:\/\/api.w.org\/{rel}","templated":true}]}}