{"id":6925,"date":"2025-03-24T16:55:26","date_gmt":"2025-03-24T19:55:26","guid":{"rendered":"https:\/\/conssanpaolo.esteri.it\/?p=6925"},"modified":"2025-03-24T16:58:08","modified_gmt":"2025-03-24T19:58:08","slug":"novas-vagas-para-passaporte","status":"publish","type":"post","link":"https:\/\/conssanpaolo.esteri.it\/pt\/news\/dal_consolato\/2025\/03\/novas-vagas-para-passaporte\/","title":{"rendered":"novas vagas para passaporte"},"content":{"rendered":"<p>Abriremos novas vagas de agendamento para a modalidade de \u201cprimeiro passaporte\u201d na segunda-feira dia 31\/03 \u00e0s 18.00 horas (de Bras\u00edlia).<\/p>\n<p>Lembramos a todos que \u00e9 essencial estar com o cadastro atualizado no momento do agendamento.<\/p>\n<p>Em caso de diverg\u00eancias cadastrais este Consulado Geral entra em contato telefonicamente (n\u00famero fixo com come\u00e7o 3549-XXXX). Solicitamos que o n\u00famero de telefone informado no portal prenot@mi esteja correto e que os requerentes atendam a chamada para evitar que o agendamento seja cancelado.<\/p>\n<p>Contamos com a atenta leitura de todos das informa\u00e7\u00f5es dispostas em nosso site para que o servi\u00e7o seja prestado de maneira otimizada a todos.<\/p>\n<p>Todas as orienta\u00e7\u00f5es e todos os documentos necess\u00e1rios podem ser visualizados no link:<\/p>\n<p><a href=\"https:\/\/l.facebook.com\/l.php?u=https%3A%2F%2Fconssanpaolo.esteri.it%2Fit%2Fservizi-consolari-e-visti%2Fservizi-per-il-cittadino-italiano%2Fpassaporti%2F%3Ffbclid%3DIwZXh0bgNhZW0CMTAAAR3D_7FC_Z6mSGj6tA49qxwth5kGAB5uFGnMaJAMA5kkCMD2R8kIAXIcq2k_aem_gmE2Dgu2XFRoDUwF8GCNYQ&amp;h=AT3nkbhZ6vRYn5cs1Cv6HexmGJyOhnNTzYeXWhSwHp2WLwW7F2ODyG18Q2Z9waarKeIi_DTbEvXXqVtrnMMpJziTvIaoim1A0rKpHE7TSqgYBcLgvhBEGELPqTTmpN_8bMS4&amp;__tn__=-UK-R&amp;c%5b0%5d=AT2hxElcOntmHkdlAQTg_Kr6mxN_VBTuWRhZbwHb_cTiZhjOlSmSPzPXTbunry5oT7zaUoJiIq8fe546GdzwMfS6qGjBDVejMI85g6SoDf3V1kcC5PmrtfJyayp13Lz-BspCsYU7Pg2sCFa7d498eUbT6ICo2AA5DKBy61xK5PJ9\">https:\/\/conssanpaolo.esteri.it\/&#8230;\/servizi&#8230;\/passaporti\/<\/a><\/p>\n<p>&nbsp;<\/p>\n<p>&nbsp;<\/p>\n","protected":false},"excerpt":{"rendered":"Abriremos novas vagas de agendamento para a modalidade de \u201cprimeiro passaporte\u201d na segunda-feira dia 31\/03 \u00e0s 18.00 horas (de Bras\u00edlia). Lembramos a todos que \u00e9 essencial estar com o cadastro atualizado no momento do agendamento. Em caso de diverg\u00eancias cadastrais este Consulado Geral entra em contato telefonicamente (n\u00famero fixo com come\u00e7o 3549-XXXX). Solicitamos que o [&hellip;]","protected":false},"author":6,"featured_media":6440,"comment_status":"closed","ping_status":"closed","sticky":false,"template":"","format":"standard","meta":{"footnotes":""},"tags":[],"class_list":["post-6925","post","type-post","status-publish","format-standard","has-post-thumbnail","hentry"],"_links":{"self":[{"href":"https:\/\/conssanpaolo.esteri.it\/pt\/wp-json\/wp\/v2\/posts\/6925","targetHints":{"allow":["GET"]}}],"collection":[{"href":"https:\/\/conssanpaolo.esteri.it\/pt\/wp-json\/wp\/v2\/posts"}],"about":[{"href":"https:\/\/conssanpaolo.esteri.it\/pt\/wp-json\/wp\/v2\/types\/post"}],"author":[{"embeddable":true,"href":"https:\/\/conssanpaolo.esteri.it\/pt\/wp-json\/wp\/v2\/users\/6"}],"replies":[{"embeddable":true,"href":"https:\/\/conssanpaolo.esteri.it\/pt\/wp-json\/wp\/v2\/comments?post=6925"}],"version-history":[{"count":1,"href":"https:\/\/conssanpaolo.esteri.it\/pt\/wp-json\/wp\/v2\/posts\/6925\/revisions"}],"predecessor-version":[{"id":6928,"href":"https:\/\/conssanpaolo.esteri.it\/pt\/wp-json\/wp\/v2\/posts\/6925\/revisions\/6928"}],"wp:featuredmedia":[{"embeddable":true,"href":"https:\/\/conssanpaolo.esteri.it\/pt\/wp-json\/wp\/v2\/media\/6440"}],"wp:attachment":[{"href":"https:\/\/conssanpaolo.esteri.it\/pt\/wp-json\/wp\/v2\/media?parent=6925"}],"wp:term":[{"taxonomy":"post_tag","embeddable":true,"href":"https:\/\/conssanpaolo.esteri.it\/pt\/wp-json\/wp\/v2\/tags?post=6925"}],"curies":[{"name":"wp","href":"https:\/\/api.w.org\/{rel}","templated":true}]}}