{"id":1281,"date":"2020-10-19T15:52:12","date_gmt":"2020-10-19T13:52:12","guid":{"rendered":"https:\/\/conssanpaolo.esteri.it\/news\/dal_consolato\/2020\/10\/xx-settimana-della-lingua-italiana-2\/"},"modified":"2020-10-19T15:52:12","modified_gmt":"2020-10-19T13:52:12","slug":"xx-settimana-della-lingua-italiana-2","status":"publish","type":"post","link":"https:\/\/conssanpaolo.esteri.it\/pt\/news\/dal_consolato\/2020\/10\/xx-settimana-della-lingua-italiana-2\/","title":{"rendered":"XX Semana da l\u00edngua italiana no mundo"},"content":{"rendered":"<p style=\"font-size: 16px; box-sizing: border-box; word-wrap: break-word; margin: 0px 0px 8.5px; line-height: 1.5em; caret-color: #484848; color: #484848; font-family: 'Titillium Web', Arial, sans-serif;\">A <span style=\"box-sizing: border-box; word-wrap: break-word; text-decoration: underline;\"><span style=\"box-sizing: border-box; word-wrap: break-word; font-weight: bold;\"><a href=\"https:\/\/www.esteri.it\/mae\/it\/politica_estera\/cultura\/promozionelinguaitaliana\/settimanalinguaitaliana\/\" style=\"box-sizing: border-box; word-wrap: break-word; color: #38518a; text-decoration: none; background-position: 0px 0px;\"><\/a><a href=\"https:\/\/www.esteri.it\/mae\/it\/politica_estera\/cultura\/promozionelinguaitaliana\/settimanalinguaitaliana\/\" style=\"box-sizing: border-box; word-wrap: break-word; color: #38518a; text-decoration: none; background-position: 0px 0px;\">XX Semana da l\u00edngua italiana no mundo<\/a><\/span><\/span> acontece de 19 a 25 de outubro de 2020 e tem como t\u00edtulo \u201cA l\u00edngua italiana entre palavra e imagem: grafites, ilustra\u00e7\u00f5es, quadrinhos\u201d, uma tem\u00e1tica que pode ser abordada tanto em chave hist\u00f3rico-lingu\u00edstica quanto destacando modalidades expressivas como os quadrinhos, o romance gr\u00e1fico e a editoria juvenil.<\/p>\n<p style=\"font-size: 16px; box-sizing: border-box; word-wrap: break-word; margin: 0px 0px 8.5px; line-height: 1.5em; caret-color: #484848; color: #484848; font-family: 'Titillium Web', Arial, sans-serif;\">Nesse contexto, e para celebrar o centen\u00e1rio de nascimento do escritor italiano Gianni Rodari, o Instituto Italiano de Cultura de S\u00e3o Paulo (IIC-SP) preparou uma s\u00e9rie de a\u00e7\u00f5es em diferentes plataformas que buscam resgatar a import\u00e2ncia da literatura de Rodari no Brasil. \u201cO centen\u00e1rio de Gianni Rodari \u00e9 uma oportunidade para (re)descobrir o mundo m\u00e1gico desse autor que encantou gera\u00e7\u00f5es de leitores. Espero que a alegria e o contentamento das palavras de Rodari possam nos ajudar a ver o futuro com otimismo mesmo em tempos t\u00e3o dif\u00edceis\u201d, comenta Michele Gialdroni, diretor do Instituto Italiano de Cultura de S\u00e3o Paulo.<\/p>\n<p style=\"font-size: 16px; box-sizing: border-box; word-wrap: break-word; margin: 0px 0px 8.5px; line-height: 1.5em; caret-color: #484848; color: #484848; font-family: 'Titillium Web', Arial, sans-serif;\"><span style=\"box-sizing: border-box; word-wrap: break-word; font-weight: bold;\">Alcune Favole | Algumas F\u00e1bulas<\/span> \u00e9 um projeto multim\u00eddia, criado em parceria com o ator Alvise Camozzi, que leva \u00e0s crian\u00e7as, p\u00fablico central na produ\u00e7\u00e3o liter\u00e1ria de Rodari, uma plataforma l\u00fadica com dez contos ilustrados e sonorizados. A ideia \u00e9 estimular a escuta e a imagina\u00e7\u00e3o atrav\u00e9s desses textos que circundam o universo fant\u00e1stico. A proposta partiu de um de seus livros mais conhecidos, F \u00e1bulas por telefone . O livro mote deste projeto foi publicado em 1962, mas mostra-se bastante atual.<\/p>\n<p style=\"font-size: 16px; box-sizing: border-box; word-wrap: break-word; margin: 0px 0px 8.5px; line-height: 1.5em; caret-color: #484848; color: #484848; font-family: 'Titillium Web', Arial, sans-serif;\">\u201cO telefone est\u00e1 entre os muitos objetos reais e fant\u00e1sticos presentes nas hist\u00f3rias de Rodari. Hoje em dia \u00e9 muito mais que s\u00f3 um meio de comunica\u00e7\u00e3o, se tornou uma verdadeira interface com o externo. Observamos o \u2018real\u2019 atrav\u00e9s do telefone, medimos temperaturas, visitamos lugares, nos orientamos com os mapas, ouvimos conselhos, seguimos not\u00edcias, formamos nossas opini\u00f5es, gostos, gastos, desejos. Podemos dizer que hoje o telefone \u00e9 o espelho virtual atrav\u00e9s do qual constru\u00edmos nossa realidade. A proposta sugestiva \u00e9 que atrav\u00e9s do telefone possamos, dessa vez, alimentar tamb\u00e9m nossa fantasia\u201d, pondera Camozzi.<\/p>\n<p style=\"font-size: 16px; box-sizing: border-box; word-wrap: break-word; margin: 0px 0px 8.5px; line-height: 1.5em; caret-color: #484848; color: #484848; font-family: 'Titillium Web', Arial, sans-serif;\">Cada conto ser\u00e1 acompanhado de uma anima\u00e7\u00e3o original criada pelo artista Jos\u00e9 Sampaio, que explora o universo gr\u00e1fico de Rodari de maneira extremamente pessoal e divertida, e trilha sonora de Daniel Maia. Os textos poder\u00e3o ser ouvidos em italiano e portugu\u00eas. A dire\u00e7\u00e3o de arte \u00e9 de William Zarella Jr. O site estar\u00e1 no ar a partir de <span style=\"box-sizing: border-box; word-wrap: break-word; font-weight: bold;\">15 de outubro<\/span>.<\/p>\n<p style=\"font-size: 16px; box-sizing: border-box; word-wrap: break-word; margin: 0px 0px 8.5px; line-height: 1.5em; caret-color: #484848; color: #484848; font-family: 'Titillium Web', Arial, sans-serif;\">A segunda iniciativa ser\u00e1 a mostra intitulada <a href=\"https:\/\/iicsanpaolo.esteri.it\/iic_sanpaolo\/pt\/gli_eventi\/calendario\/2020\/10\/figure-per-gianni-rodari-21-illustratori.html\" style=\"box-sizing: border-box; word-wrap: break-word; color: #38518a; text-decoration: none; background-position: 0px 0px;\"><span style=\"box-sizing: border-box; word-wrap: break-word; font-weight: bold;\">Figure per Gianni Rodari<\/span><\/a>, realizada em parceria com a Feira do Livro Infantil de Bolonha. A exposi\u00e7\u00e3o apresenta obras de 21 ilustradores italianos, entre eles personalidades hist\u00f3ricas, como Bruno Munari, e grandes artistas contempor\u00e2neos, como Beatrice Alemagna e Manuele Fior.<\/p>\n<p style=\"font-size: 16px; box-sizing: border-box; word-wrap: break-word; margin: 0px 0px 8.5px; line-height: 1.5em; caret-color: #484848; color: #484848; font-family: 'Titillium Web', Arial, sans-serif;\">\u201c2020 marca o centen\u00e1rio do nascimento de Gianni Rodari e a Feira do Livro Infantil de Bologna aproveitou esta oportunidade para homenagear um dos autores infantis mais inovadores, e o primeiro italiano a ganhar o prestigioso Pr\u00eamio Hans Christian Andersen em 1970. Inaugurada em Portland (Oregon), esta exposi\u00e7\u00e3o j\u00e1 andou por S\u00e3o Francisco, Bologna, e \u00e9 com muita alegria que chega agora a S\u00e3o Paulo\u201d, comenta Dolores Prades, consultora da Feira de Bolonha.<\/p>\n<p style=\"font-size: 16px; box-sizing: border-box; word-wrap: break-word; margin: 0px 0px 8.5px; line-height: 1.5em; caret-color: #484848; color: #484848; font-family: 'Titillium Web', Arial, sans-serif;\">A exposi\u00e7\u00e3o poder\u00e1 ser visitada no jardim do IIC-SP, em Higien\u00f3polis, a partir de <span style=\"box-sizing: border-box; word-wrap: break-word; font-weight: bold;\">26 de outubro<\/span>, seguindo os protocolos de seguran\u00e7as estabelecidos por institui\u00e7\u00f5es de sa\u00fade para a preven\u00e7\u00e3o do novo coronav\u00edrus.<\/p>\n<p style=\"font-size: 16px; box-sizing: border-box; word-wrap: break-word; margin: 0px 0px 8.5px; line-height: 1.5em; caret-color: #484848; color: #484848; font-family: 'Titillium Web', Arial, sans-serif;\">Em outra homenagem a Rodari, promovida por Comune di Omegna e Parco della Fantasia \u201cGianni Rodari\u201d, o IIC-SP e a Escola Eugenio Montale apresentam a exposi\u00e7\u00e3o <span style=\"box-sizing: border-box; word-wrap: break-word; font-weight: bold;\">C&#8217;era due volte il barone Lamberto<\/span>, dedicada, principalmente, a seu \u00faltimo romance <em style=\"box-sizing: border-box; word-wrap: break-word;\">C&#8217;era due volte il barone Lamberto ovvero I misteri dell&#8217;isola di San Giulio<\/em>, de 1978. O romance foi ambientado no Lago d\u2019Orta, pr\u00f3ximo a cidade natal de Rodari, Omegna, e representa um \u201cretorno alegre e amoroso ao passado e aos lugares da inf\u00e2ncia do autor\u201d.<\/p>\n<p style=\"font-size: 16px; box-sizing: border-box; word-wrap: break-word; margin: 0px 0px 8.5px; line-height: 1.5em; caret-color: #484848; color: #484848; font-family: 'Titillium Web', Arial, sans-serif;\">A mostra, com curadoria do prof. Pino Boero, al\u00e9m de trazer ilustra\u00e7\u00f5es de renomados artistas que em \u00e9pocas diferentes leram e interpretaram suas p\u00e1ginas, nos pain\u00e9is encontramos tamb\u00e9m as sequ\u00eancias narrativas mais expressivas do romance. A visita\u00e7\u00e3o pode ser feita de 19 a 24 de outubro de 2020.<\/p>\n<p style=\"font-size: 16px; box-sizing: border-box; word-wrap: break-word; margin: 0px 0px 8.5px; line-height: 1.5em; caret-color: #484848; color: #484848; font-family: 'Titillium Web', Arial, sans-serif;\">Seguindo nas a\u00e7\u00f5es de comemora\u00e7\u00e3o, o IIC-SP organiza tamb\u00e9m um ciclo com <span style=\"box-sizing: border-box; word-wrap: break-word; font-weight: bold;\">duas confer\u00eancias online<\/span> nas quais ser\u00e3o apresentados ao p\u00fablico a obra e o legado de Gianni Rodari. A curadoria e media\u00e7\u00e3o dos eventos ficam a cargo de Michaella Pivetti, designer gr\u00e1fica, doutora pela FAU-USP e autora do livro &#8220;A fantasia, o design e a literatura para a inf\u00e2ncia&#8221;, vencedor do pr\u00eamio FNLIJ 2020 na categoria teoria.<\/p>\n<p style=\"font-size: 16px; box-sizing: border-box; word-wrap: break-word; margin: 0px 0px 8.5px; line-height: 1.5em; caret-color: #484848; color: #484848; font-family: 'Titillium Web', Arial, sans-serif;\">Para apresentar e discutir a relev\u00e2ncia do autor e seu trabalho, na <a href=\"https:\/\/iicsanpaolo.esteri.it\/iic_sanpaolo\/pt\/gli_eventi\/calendario\/2020\/10\/ciclo-di-conferenze-on-line-cent.html\" style=\"box-sizing: border-box; word-wrap: break-word; color: #38518a; text-decoration: none; background-position: 0px 0px;\">primeira confer\u00eancia<\/a>, em <span style=\"box-sizing: border-box; word-wrap: break-word; font-weight: bold;\">20 de outubro<\/span>, \u00e0s 15h, re\u00fanem-se Pino Boero, professor da Universit\u00e0 di Genova, na It\u00e1lia, estudioso de literatura infantojuvenil e especialista rodariano, e Luciano Migliaccio, professor de Hist\u00f3ria da Arte do Departamento de Hist\u00f3ria da Arquitetura e Est\u00e9tica do Projeto da FAU-USP. Os dois ir\u00e3o dialogar na ponte entre literatura e artes visuais, a partir da cultura italiana.<\/p>\n<p style=\"font-size: 16px; box-sizing: border-box; word-wrap: break-word; margin: 0px 0px 8.5px; line-height: 1.5em; caret-color: #484848; color: #484848; font-family: 'Titillium Web', Arial, sans-serif;\">Na <a href=\"https:\/\/iicsanpaolo.esteri.it\/iic_sanpaolo\/pt\/gli_eventi\/calendario\/2020\/10\/ciclo-di-conferenze-on-line-cent_0.html\" style=\"box-sizing: border-box; word-wrap: break-word; color: #38518a; text-decoration: none; background-position: 0px 0px;\">segunda confer\u00eancia<\/a>, que ocorrer\u00e1 em <span style=\"box-sizing: border-box; word-wrap: break-word; font-weight: bold;\">22 de outubro<\/span>, tamb\u00e9m \u00e0s 15h, ser\u00e1 discutida a presen\u00e7a da obra de Rodari no Brasil, segundo a perspectiva institucional, editorial e do ponto de vista da cria\u00e7\u00e3o art\u00edstica. Participar\u00e3o do semin\u00e1rio Dolores Prades, consultora da Feira do Livro Infantil de Bolonha; Alberto Martins, da Editora 34; Alexandre Martins Fontes, da Editora Martins Fontes; e Eva Furnari, renomada autora e ilustradora de livros para crian\u00e7as. Especialmente para a ocasi\u00e3o, o evento contar\u00e1 com uma pe\u00e7a-gr\u00e1fica do artista Guto Lacaz que criar\u00e1 sobre uma figura do universo rodariano. Os encontros ser\u00e3o abertos para o p\u00fablico geral e transmitidos pelo canal do IIC-SP no YouTube e nas redes sociais. A primeira confer\u00eancia ter\u00e1 tradu\u00e7\u00e3o simult\u00e2nea.<\/p>\n<p style=\"font-size: 16px; box-sizing: border-box; word-wrap: break-word; margin: 0px 0px 8.5px; line-height: 1.5em; caret-color: #484848; color: #484848; font-family: 'Titillium Web', Arial, sans-serif;\">Em mais um evento dentro da <span style=\"box-sizing: border-box; word-wrap: break-word; font-weight: bold;\">Semana da L\u00edngua Italiana no Mundo<\/span>, no dia <span style=\"box-sizing: border-box; word-wrap: break-word; font-weight: bold;\">21 de outubro<\/span> \u00e0s 14h, ocorrer\u00e1 o <span style=\"box-sizing: border-box; word-wrap: break-word; font-weight: bold;\"><a href=\"https:\/\/iicsanpaolo.esteri.it\/iic_sanpaolo\/pt\/gli_eventi\/calendario\/2020\/10\/webinar-fumetti-nei-musei-21-ottobre.html\" style=\"box-sizing: border-box; word-wrap: break-word; color: #38518a; text-decoration: none; background-position: 0px 0px;\">webinar Fumetti nei Musei<\/a><\/span>, uma iniciativa do MIBACT pela promo\u00e7\u00e3o de um novo di\u00e1logo entre crian\u00e7as e garotos e 51 museus italianos cuja contemporaneidade \u00e9 contada atrav\u00e9s da obra de alguns dos mais importantes cartunistas italianos. Os quadrinhos realizados ser\u00e3o recebidos gratuitamente para os estudantes que est\u00e3o participando as atividades pedag\u00f3gicas organizadas no dom\u00ednio dos laborat\u00f3rios e das visitas guiadas nos museus estaduais.<\/p>\n<p style=\"font-size: 16px; box-sizing: border-box; word-wrap: break-word; margin: 0px 0px 8.5px; line-height: 1.5em; caret-color: #484848; color: #484848; font-family: 'Titillium Web', Arial, sans-serif;\">Entre os participantes do encontro temos ALTAN, que ilustrou a hist\u00f3ria de Ida Frooz no Castelo Scaligero de Sirmione; Sara Colaone, autora da hist\u00f3ria que tem como protagonista o Palazzo Ducale de Mantova e Paolo Giulierini, diretor do Museu Arqueol\u00f3gico Nacional de Napoli. Michele Gialdroni, o diretor do IIC S\u00e3o Paulo, ser\u00e1 o mediador do webinar. O encontro, com dura\u00e7\u00e3o de uma hora, ser\u00e1 transmitido em italiano ao vivo na p\u00e1gina Facebook do IIC S\u00e3o Paulo a partir das 14hs.<\/p>\n<p>\u00a0<\/p>\n","protected":false},"excerpt":{"rendered":"A XX Semana da l\u00edngua italiana no mundo acontece de 19 a 25 de outubro de 2020 e tem como t\u00edtulo \u201cA l\u00edngua italiana entre palavra e imagem: grafites, ilustra\u00e7\u00f5es, quadrinhos\u201d, uma tem\u00e1tica que pode ser abordada tanto em chave hist\u00f3rico-lingu\u00edstica quanto destacando modalidades expressivas como os quadrinhos, o romance gr\u00e1fico e a editoria juvenil. [&hellip;]","protected":false},"author":1,"featured_media":0,"comment_status":"","ping_status":"","sticky":false,"template":"","format":"standard","meta":{"footnotes":""},"tags":[],"class_list":["post-1281","post","type-post","status-publish","format-standard","hentry"],"_links":{"self":[{"href":"https:\/\/conssanpaolo.esteri.it\/pt\/wp-json\/wp\/v2\/posts\/1281","targetHints":{"allow":["GET"]}}],"collection":[{"href":"https:\/\/conssanpaolo.esteri.it\/pt\/wp-json\/wp\/v2\/posts"}],"about":[{"href":"https:\/\/conssanpaolo.esteri.it\/pt\/wp-json\/wp\/v2\/types\/post"}],"author":[{"embeddable":true,"href":"https:\/\/conssanpaolo.esteri.it\/pt\/wp-json\/wp\/v2\/users\/1"}],"replies":[{"embeddable":true,"href":"https:\/\/conssanpaolo.esteri.it\/pt\/wp-json\/wp\/v2\/comments?post=1281"}],"version-history":[{"count":0,"href":"https:\/\/conssanpaolo.esteri.it\/pt\/wp-json\/wp\/v2\/posts\/1281\/revisions"}],"wp:attachment":[{"href":"https:\/\/conssanpaolo.esteri.it\/pt\/wp-json\/wp\/v2\/media?parent=1281"}],"wp:term":[{"taxonomy":"post_tag","embeddable":true,"href":"https:\/\/conssanpaolo.esteri.it\/pt\/wp-json\/wp\/v2\/tags?post=1281"}],"curies":[{"name":"wp","href":"https:\/\/api.w.org\/{rel}","templated":true}]}}