{"id":11467,"date":"2026-09-03T12:18:47","date_gmt":"2026-09-03T15:18:47","guid":{"rendered":"https:\/\/conssanpaolo.esteri.it\/?p=11467"},"modified":"2026-09-03T12:23:37","modified_gmt":"2026-09-03T15:23:37","slug":"convocacao-das-eleicoes-dos-comites-3-de-setembro-de-2026","status":"publish","type":"post","link":"https:\/\/conssanpaolo.esteri.it\/pt\/news\/dal_consolato\/2026\/09\/convocacao-das-eleicoes-dos-comites-3-de-setembro-de-2026\/","title":{"rendered":"CONVOCA\u00c7\u00c3O DAS ELEI\u00c7\u00d5ES DOS COMITES \u2013 3 DE SETEMBRO DE 2026"},"content":{"rendered":"<p class=\"isSelectedEnd\">Por meio de <a href=\"https:\/\/conssanpaolo.esteri.it\/wp-content\/uploads\/2026\/09\/Decreto-76-2026-Indizione-elezione-COMITES-2026.pdf\">Decreto Consular<\/a> do Chefe da Reparti\u00e7\u00e3o Consular do Consulado Geral da It\u00e1lia em S\u00e3o Paulo, s\u00e3o convocadas as elei\u00e7\u00f5es para a institui\u00e7\u00e3o e a renova\u00e7\u00e3o do Comit\u00ea dos Italianos no Exterior de S\u00e3o Paulo.<\/p>\n<p class=\"isSelectedEnd\">A data das elei\u00e7\u00f5es est\u00e1 fixada em <strong>4 de dezembro de 2026<\/strong>. Essa data corresponde ao \u00faltimo dia para que o Consulado de refer\u00eancia receba o envelope contendo a c\u00e9dula eleitoral devidamente preenchida.<\/p>\n<p class=\"isSelectedEnd\">Para participar da vota\u00e7\u00e3o, \u00e9 necess\u00e1rio inscrever-se na lista de eleitores do respectivo Consulado de refer\u00eancia, <a href=\"https:\/\/conssanpaolo.esteri.it\/pt\/news\/dal_consolato\/2026\/08\/elezioni-com-it-es-2026-modalita-per-la-richiesta-di-iscrizione-nellelenco-elettorale\/\">mediante o envio do pedido de op\u00e7\u00e3o<\/a>, que dever\u00e1 ser recebido <strong>at\u00e9, impreterivelmente, 4 de novembro de 2026<\/strong>.<\/p>\n<p class=\"isSelectedEnd\">O Comit\u00ea a ser eleito ser\u00e1 composto por <strong>dezoito membros<\/strong>, considerando o n\u00famero de integrantes da comunidade residente.<\/p>\n<p>Por meio do referido Decreto, tamb\u00e9m \u00e9 institu\u00eddo o <strong>Escrit\u00f3rio Eleitoral<\/strong>, respons\u00e1vel pelas opera\u00e7\u00f5es eleitorais.<\/p>\n","protected":false},"excerpt":{"rendered":"Por meio de Decreto Consular do Chefe da Reparti\u00e7\u00e3o Consular do Consulado Geral da It\u00e1lia em S\u00e3o Paulo, s\u00e3o convocadas as elei\u00e7\u00f5es para a institui\u00e7\u00e3o e a renova\u00e7\u00e3o do Comit\u00ea dos Italianos no Exterior de S\u00e3o Paulo. A data das elei\u00e7\u00f5es est\u00e1 fixada em 4 de dezembro de 2026. Essa data corresponde ao \u00faltimo dia [&hellip;]","protected":false},"author":6,"featured_media":11462,"comment_status":"closed","ping_status":"closed","sticky":false,"template":"","format":"standard","meta":{"footnotes":""},"tags":[],"class_list":["post-11467","post","type-post","status-publish","format-standard","has-post-thumbnail","hentry"],"_links":{"self":[{"href":"https:\/\/conssanpaolo.esteri.it\/pt\/wp-json\/wp\/v2\/posts\/11467","targetHints":{"allow":["GET"]}}],"collection":[{"href":"https:\/\/conssanpaolo.esteri.it\/pt\/wp-json\/wp\/v2\/posts"}],"about":[{"href":"https:\/\/conssanpaolo.esteri.it\/pt\/wp-json\/wp\/v2\/types\/post"}],"author":[{"embeddable":true,"href":"https:\/\/conssanpaolo.esteri.it\/pt\/wp-json\/wp\/v2\/users\/6"}],"replies":[{"embeddable":true,"href":"https:\/\/conssanpaolo.esteri.it\/pt\/wp-json\/wp\/v2\/comments?post=11467"}],"version-history":[{"count":1,"href":"https:\/\/conssanpaolo.esteri.it\/pt\/wp-json\/wp\/v2\/posts\/11467\/revisions"}],"predecessor-version":[{"id":11468,"href":"https:\/\/conssanpaolo.esteri.it\/pt\/wp-json\/wp\/v2\/posts\/11467\/revisions\/11468"}],"wp:featuredmedia":[{"embeddable":true,"href":"https:\/\/conssanpaolo.esteri.it\/pt\/wp-json\/wp\/v2\/media\/11462"}],"wp:attachment":[{"href":"https:\/\/conssanpaolo.esteri.it\/pt\/wp-json\/wp\/v2\/media?parent=11467"}],"wp:term":[{"taxonomy":"post_tag","embeddable":true,"href":"https:\/\/conssanpaolo.esteri.it\/pt\/wp-json\/wp\/v2\/tags?post=11467"}],"curies":[{"name":"wp","href":"https:\/\/api.w.org\/{rel}","templated":true}]}}