{"id":10226,"date":"2026-03-04T10:41:59","date_gmt":"2026-03-04T13:41:59","guid":{"rendered":"https:\/\/conssanpaolo.esteri.it\/news\/dal_consolato\/2026\/03\/turne-a-caminho-do-interior-apresenta-elixir-e-seus-amores\/"},"modified":"2026-04-30T11:37:12","modified_gmt":"2026-04-30T14:37:12","slug":"turne-a-caminho-do-interior-apresenta-elixir-e-seus-amores","status":"publish","type":"post","link":"https:\/\/conssanpaolo.esteri.it\/pt\/news\/dal_consolato\/2026\/03\/turne-a-caminho-do-interior-apresenta-elixir-e-seus-amores\/","title":{"rendered":"Turn\u00ea \u201cA Caminho do Interior\u201d apresenta: \u201cElixir e Seus Amores\u201d"},"content":{"rendered":"<p>Pelo s\u00e9timo ano consecutivo, o Consulado Geral da It\u00e1lia e o Istituto Italiano di Cultura de S\u00e3o Paulo promovem, em colabora\u00e7\u00e3o com a Cia \u00d3pera S\u00e3o Paulo e a AOJAC, o projeto \u201cA Caminho do Interior\u201d, sob Dire\u00e7\u00e3o Geral e Art\u00edstica de Paulo Esper. A edi\u00e7\u00e3o deste ano percorrer\u00e1 28 cidades entre mar\u00e7o e agosto com o espet\u00e1culo \u201cElixir e Seus Amores\u201d, reunindo trechos de grandes obras do repert\u00f3rio l\u00edrico italiano e brasileiro.<\/p>\n<p>A iniciativa tem como objetivo difundir a cultura italiana pelo interior do Estado de S\u00e3o Paulo, especialmente em munic\u00edpios com forte presen\u00e7a de \u00edtalo descendentes e apreciadores da tradi\u00e7\u00e3o oper\u00edstica. Todas as trinta e uma apresenta\u00e7\u00f5es contam com cenografia e figurinos, envolvendo ao longo da temporada cerca de setecentos artistas entre solistas, m\u00fasicos, orquestras e corais.<\/p>\n<p>Os primeiros espet\u00e1culos contam com as sopranos Laura Duarte e Thayana Roverso, os tenores Guilherme Hoff e Ricardo Gaio, o pianista Fernando Carrera, os violinistas Danilo Crispim e Gabriel Cremonezi e os flautistas Kleberson Buzzo e Lucas Rafael da Silva Taniguti. Em mar\u00e7o participam tamb\u00e9m os coros Amabile de Santos e Guiomar Novaes de Dracena.<\/p>\n<p>Todos os trinta e um espet\u00e1culos s\u00e3o gratuitos, com retirada de ingressos uma hora antes do in\u00edcio, no pr\u00f3prio local da apresenta\u00e7\u00e3o.<\/p>\n<h3><strong>Calend\u00e1rio da turn\u00ea<\/strong><\/h3>\n<ul>\n<li data-start=\"0\" data-end=\"114\"><strong data-start=\"0\" data-end=\"22\">06 de mar\u00e7o, 19h30<\/strong>, Esp\u00edrito Santo do Pinhal, Teatro Avenida. Elenco art\u00edstico com 03 m\u00fasicos e 02 cantores.<\/li>\n<li data-start=\"116\" data-end=\"248\"><strong data-start=\"116\" data-end=\"136\">07 de mar\u00e7o, 20h<\/strong>, V\u00e1rzea Grande Paulista, Centro de Eventos Mari\u00e1polis Ginetta. Elenco art\u00edstico com 03 m\u00fasicos e 02 cantores.<\/li>\n<li data-start=\"250\" data-end=\"353\"><strong data-start=\"250\" data-end=\"270\">08 de mar\u00e7o, 17h<\/strong>, Santos, Teatro Br\u00e1z Cubas. Elenco art\u00edstico com 03 m\u00fasicos, 02 cantores e coro.<\/li>\n<li data-start=\"355\" data-end=\"457\"><strong data-start=\"355\" data-end=\"375\">25 de mar\u00e7o, 20h<\/strong>, C\u00e2ndido Mota, Teatro Municipal. Elenco art\u00edstico com 03 m\u00fasicos e 02 cantores.<\/li>\n<li data-start=\"459\" data-end=\"556\"><strong data-start=\"459\" data-end=\"479\">26 de mar\u00e7o, 20h<\/strong>, Maraca\u00ed, Teatro Municipal. Elenco art\u00edstico com 03 m\u00fasicos e 02 cantores.<\/li>\n<li data-start=\"558\" data-end=\"666\"><strong data-start=\"558\" data-end=\"578\">27 de mar\u00e7o, 20h<\/strong>, Pedrinhas Paulista, Teatro Municipal. Elenco art\u00edstico com 03 m\u00fasicos e 02 cantores.<\/li>\n<li data-start=\"668\" data-end=\"763\"><strong data-start=\"668\" data-end=\"688\">28 de mar\u00e7o, 20h<\/strong>, Assis, Teatro Municipal. Elenco art\u00edstico com 03 m\u00fasicos e 02 cantores.<\/li>\n<li data-start=\"765\" data-end=\"893\"><strong data-start=\"765\" data-end=\"807\">04 de abril, 19h30, e 05 de abril, 18h<\/strong>, Ribeir\u00e3o Preto, Theatro Pedro II. Elenco art\u00edstico com solistas, orquestra e coro.<\/li>\n<li data-start=\"895\" data-end=\"992\"><strong data-start=\"895\" data-end=\"915\">08 de abril, 20h<\/strong>, Dracena, Teatro Municipal. Elenco art\u00edstico com 03 m\u00fasicos e 02 cantores.<\/li>\n<li data-start=\"994\" data-end=\"1094\"><strong data-start=\"994\" data-end=\"1014\">09 de abril, 20h<\/strong>, Adamantina, Teatro Municipal. Elenco art\u00edstico com 03 m\u00fasicos e 02 cantores.<\/li>\n<li data-start=\"1096\" data-end=\"1199\"><strong data-start=\"1096\" data-end=\"1116\">10 de abril, 20h<\/strong>, Regente Feij\u00f3, Teatro Municipal. Elenco art\u00edstico com 03 m\u00fasicos e 02 cantores.<\/li>\n<li data-start=\"1201\" data-end=\"1308\"><strong data-start=\"1201\" data-end=\"1223\">16 de abril, 19h30<\/strong>, Campinas, Centro de Conviv\u00eancia. Elenco art\u00edstico com solistas, orquestra e coro.<\/li>\n<li><strong data-start=\"1737\" data-end=\"1756\">02 de maio, 17h<\/strong>, Itatiba, Teatro Municipal. Elenco art\u00edstico com 03 m\u00fasicos e 02 cantores.<\/li>\n<li data-start=\"1201\" data-end=\"1308\"><strong data-start=\"1310\" data-end=\"1329\">13 de maio, 20h<\/strong>, Jales, Teatro Municipal. Elenco art\u00edstico com 03 m\u00fasicos e 02 cantores.<\/li>\n<li data-start=\"1406\" data-end=\"1514\"><strong data-start=\"1406\" data-end=\"1425\">14 de maio, 20h<\/strong>, Presidente Prudente, Teatro Municipal. Elenco art\u00edstico com 03 m\u00fasicos e 02 cantores.<\/li>\n<li data-start=\"1516\" data-end=\"1624\"><strong data-start=\"1516\" data-end=\"1535\">15 de maio, 20h<\/strong>, Presidente Epit\u00e1cio, Teatro Municipal. Elenco art\u00edstico com 03 m\u00fasicos e 02 cantores.<\/li>\n<li data-start=\"1626\" data-end=\"1735\"><strong data-start=\"1626\" data-end=\"1645\">16 de maio, 20h<\/strong>, Presidente Venceslau, Teatro Municipal. Elenco art\u00edstico com 03 m\u00fasicos e 02 cantores.<\/li>\n<li data-start=\"1835\" data-end=\"1930\"><strong data-start=\"1835\" data-end=\"1854\">25 de maio, 20h<\/strong>, Osasco, Teatro Municipal. Elenco art\u00edstico com 03 m\u00fasicos e 02 cantores.<\/li>\n<li data-start=\"1932\" data-end=\"2014\"><strong data-start=\"1932\" data-end=\"1951\">28 de maio, 20h<\/strong>, Americana. Elenco art\u00edstico com solistas, orquestra e coro.<\/li>\n<li data-start=\"2016\" data-end=\"2122\"><strong data-start=\"2016\" data-end=\"2035\">29 de maio, 20h<\/strong>, Rio Claro, Gin\u00e1stico Rio Clarense. Elenco art\u00edstico com solistas, orquestra e coro.<\/li>\n<li data-start=\"2124\" data-end=\"2222\"><strong data-start=\"2124\" data-end=\"2143\">31 de maio, 17h<\/strong>, Jacare\u00ed, Teatro Municipal. Elenco art\u00edstico com solistas, orquestra e coro.<\/li>\n<li data-start=\"2224\" data-end=\"2327\"><strong data-start=\"2224\" data-end=\"2245\">08 de agosto, 20h<\/strong>, Indaiatuba, Teatro Municipal. Elenco art\u00edstico com solistas, orquestra e coro.<\/li>\n<li data-start=\"2329\" data-end=\"2428\"><strong data-start=\"2329\" data-end=\"2350\">09 de agosto, 20h<\/strong>, Sorocaba, Teatro Municipal. Elenco art\u00edstico com 03 m\u00fasicos e 02 cantores.<\/li>\n<li data-start=\"2430\" data-end=\"2538\"><strong data-start=\"2430\" data-end=\"2451\">14 de agosto, 20h<\/strong>, Mogi das Cruzes, Teatro Municipal. Elenco art\u00edstico com solistas, orquestra e coro.<\/li>\n<li data-start=\"2540\" data-end=\"2644\"><strong data-start=\"2540\" data-end=\"2561\">16 de agosto, 17h<\/strong>, Caraguatatuba, Teatro Municipal. Elenco art\u00edstico com 03 m\u00fasicos e 02 cantores.<\/li>\n<li data-start=\"2646\" data-end=\"2751\"><strong data-start=\"2646\" data-end=\"2667\">26 de agosto, 20h<\/strong>, Sumar\u00e9, Teatro Municipal. Elenco art\u00edstico com solistas, banda sinf\u00f4nica e coro.<\/li>\n<li data-start=\"2753\" data-end=\"2899\"><strong data-start=\"2753\" data-end=\"2779\">27 e 28 de agosto, 20h<\/strong>, S\u00e3o Paulo, Teatro S\u00e9rgio Cardoso. Elenco art\u00edstico com solistas, orquestra e coro. Grande Concerto L\u00edrico Sinf\u00f4nico.<\/li>\n<li data-start=\"2901\" data-end=\"3060\"><strong data-start=\"2901\" data-end=\"2945\">29 de agosto, 19h30, e 30 de agosto, 17h<\/strong>, Santo Andr\u00e9, Teatro Municipal. Elenco art\u00edstico com solistas, orquestra e coro. Grande Concerto L\u00edrico Sinf\u00f4nico.<\/li>\n<\/ul>\n<p>Por mais um ano \u201cA Caminho do Interior\u201d reafirma seu papel como instrumento de descentraliza\u00e7\u00e3o cultural e de fortalecimento dos la\u00e7os hist\u00f3ricos entre It\u00e1lia e Brasil por meio da m\u00fasica e da arte l\u00edrica.<\/p>\n","protected":false},"excerpt":{"rendered":"Pelo s\u00e9timo ano consecutivo, o Consulado Geral da It\u00e1lia e o Istituto Italiano di Cultura de S\u00e3o Paulo promovem, em colabora\u00e7\u00e3o com a Cia \u00d3pera S\u00e3o Paulo e a AOJAC, o projeto \u201cA Caminho do Interior\u201d, sob Dire\u00e7\u00e3o Geral e Art\u00edstica de Paulo Esper. A edi\u00e7\u00e3o deste ano percorrer\u00e1 28 cidades entre mar\u00e7o e agosto [&hellip;]","protected":false},"author":6,"featured_media":10230,"comment_status":"closed","ping_status":"closed","sticky":false,"template":"","format":"standard","meta":{"footnotes":""},"tags":[23],"class_list":["post-10226","post","type-post","status-publish","format-standard","has-post-thumbnail","hentry","tag-diplomazia-culturale"],"_links":{"self":[{"href":"https:\/\/conssanpaolo.esteri.it\/pt\/wp-json\/wp\/v2\/posts\/10226","targetHints":{"allow":["GET"]}}],"collection":[{"href":"https:\/\/conssanpaolo.esteri.it\/pt\/wp-json\/wp\/v2\/posts"}],"about":[{"href":"https:\/\/conssanpaolo.esteri.it\/pt\/wp-json\/wp\/v2\/types\/post"}],"author":[{"embeddable":true,"href":"https:\/\/conssanpaolo.esteri.it\/pt\/wp-json\/wp\/v2\/users\/6"}],"replies":[{"embeddable":true,"href":"https:\/\/conssanpaolo.esteri.it\/pt\/wp-json\/wp\/v2\/comments?post=10226"}],"version-history":[{"count":4,"href":"https:\/\/conssanpaolo.esteri.it\/pt\/wp-json\/wp\/v2\/posts\/10226\/revisions"}],"predecessor-version":[{"id":10636,"href":"https:\/\/conssanpaolo.esteri.it\/pt\/wp-json\/wp\/v2\/posts\/10226\/revisions\/10636"}],"wp:featuredmedia":[{"embeddable":true,"href":"https:\/\/conssanpaolo.esteri.it\/pt\/wp-json\/wp\/v2\/media\/10230"}],"wp:attachment":[{"href":"https:\/\/conssanpaolo.esteri.it\/pt\/wp-json\/wp\/v2\/media?parent=10226"}],"wp:term":[{"taxonomy":"post_tag","embeddable":true,"href":"https:\/\/conssanpaolo.esteri.it\/pt\/wp-json\/wp\/v2\/tags?post=10226"}],"curies":[{"name":"wp","href":"https:\/\/api.w.org\/{rel}","templated":true}]}}