{"id":9464,"date":"2025-11-20T16:03:35","date_gmt":"2025-11-20T19:03:35","guid":{"rendered":"https:\/\/conssanpaolo.esteri.it\/?p=9464"},"modified":"2025-11-27T09:03:37","modified_gmt":"2025-11-27T12:03:37","slug":"2o-mapeamento-menores-por-beneficio-de-lei","status":"publish","type":"post","link":"https:\/\/conssanpaolo.esteri.it\/it\/news\/dal_consolato\/2025\/11\/2o-mapeamento-menores-por-beneficio-de-lei\/","title":{"rendered":"2\u00ba mapeamento menores por benef\u00edcio de lei"},"content":{"rendered":"<p>Iniciamos um novo mapeamento para quantificar de maneira exata a demanda real a ser agendada para o reconhecimento da cidadania dos menores por benef\u00edcio de lei.<\/p>\n<p>\ud83d\udcc5 INFORMA\u00c7\u00d5ES ESSENCIAIS SOBRE O NOVO MAPEAMENTO<br \/>\n\u2022 Per\u00edodo: De 19 de novembro a 30 de janeiro.<br \/>\n\u2022 Quem deve se inscrever: Todos que n\u00e3o conseguiram o agendamento na primeira abertura de vagas.<\/p>\n<p>\ud83d\udea8 ATEN\u00c7\u00c3O! Ponto Crucial:<br \/>\nSOMENTE os interessados que se inscreverem neste novo mapeamento receber\u00e3o a possibilidade de agendar o servi\u00e7o na pr\u00f3xima abertura de calend\u00e1rio!<br \/>\n\u00c9 vital que todos se inscrevam! A sua participa\u00e7\u00e3o nos permite:<br \/>\n\u2022 Saber com exatid\u00e3o quantos solicitantes faltam.<br \/>\n\u2022 Disponibilizar o n\u00famero de vagas exato para atender a todos, respeitando o prazo legal.<\/p>\n<p><strong>\ud83d\udcbb COMO PARTICIPAR?<\/strong><br \/>\nVisualize o post \u2013 acess\u00edvel atrav\u00e9s dos destaques \u2013 que explica como preencher o mapeamento.<br \/>\nAcesse o portal<a href=\"https:\/\/prenotami.esteri.it\/\"> Prenot@mi<\/a> e inscreva-se no mapeamento na se\u00e7\u00e3o CADASTRO. Anexe a documenta\u00e7\u00e3o correta e preencha os dados exatos.<br \/>\nCriamos um GUIA completo para a documenta\u00e7\u00e3o a ser apresentada NO DIA AGENDADO dispon\u00edvel <a href=\"https:\/\/tr.ee\/qXfZeyTr-k\"><strong><span style=\"text-decoration: underline;\">aqui<\/span><\/strong><\/a>;<br \/>\nContamos com a colabora\u00e7\u00e3o de todos para fazerem a atenta leitura das orienta\u00e7\u00f5es dispon\u00edveis em nosso site e aqui.<\/p>\n<p>Seguimos empenhados em otimizar os processos para atender a todos os italianos em nossa circunscri\u00e7\u00e3o consular.<\/p>\n","protected":false},"excerpt":{"rendered":"Iniciamos um novo mapeamento para quantificar de maneira exata a demanda real a ser agendada para o reconhecimento da cidadania dos menores por benef\u00edcio de lei. \ud83d\udcc5 INFORMA\u00c7\u00d5ES ESSENCIAIS SOBRE O NOVO MAPEAMENTO \u2022 Per\u00edodo: De 19 de novembro a 30 de janeiro. \u2022 Quem deve se inscrever: Todos que n\u00e3o conseguiram o agendamento na [&hellip;]","protected":false},"author":6,"featured_media":9466,"comment_status":"closed","ping_status":"closed","sticky":false,"template":"","format":"standard","meta":{"footnotes":""},"tags":[],"class_list":["post-9464","post","type-post","status-publish","format-standard","has-post-thumbnail","hentry"],"_links":{"self":[{"href":"https:\/\/conssanpaolo.esteri.it\/it\/wp-json\/wp\/v2\/posts\/9464","targetHints":{"allow":["GET"]}}],"collection":[{"href":"https:\/\/conssanpaolo.esteri.it\/it\/wp-json\/wp\/v2\/posts"}],"about":[{"href":"https:\/\/conssanpaolo.esteri.it\/it\/wp-json\/wp\/v2\/types\/post"}],"author":[{"embeddable":true,"href":"https:\/\/conssanpaolo.esteri.it\/it\/wp-json\/wp\/v2\/users\/6"}],"replies":[{"embeddable":true,"href":"https:\/\/conssanpaolo.esteri.it\/it\/wp-json\/wp\/v2\/comments?post=9464"}],"version-history":[{"count":2,"href":"https:\/\/conssanpaolo.esteri.it\/it\/wp-json\/wp\/v2\/posts\/9464\/revisions"}],"predecessor-version":[{"id":9530,"href":"https:\/\/conssanpaolo.esteri.it\/it\/wp-json\/wp\/v2\/posts\/9464\/revisions\/9530"}],"wp:featuredmedia":[{"embeddable":true,"href":"https:\/\/conssanpaolo.esteri.it\/it\/wp-json\/wp\/v2\/media\/9466"}],"wp:attachment":[{"href":"https:\/\/conssanpaolo.esteri.it\/it\/wp-json\/wp\/v2\/media?parent=9464"}],"wp:term":[{"taxonomy":"post_tag","embeddable":true,"href":"https:\/\/conssanpaolo.esteri.it\/it\/wp-json\/wp\/v2\/tags?post=9464"}],"curies":[{"name":"wp","href":"https:\/\/api.w.org\/{rel}","templated":true}]}}