{"id":7440,"date":"2025-05-16T13:05:19","date_gmt":"2025-05-16T16:05:19","guid":{"rendered":"https:\/\/conssanpaolo.esteri.it\/?p=7440"},"modified":"2025-05-16T13:05:33","modified_gmt":"2025-05-16T16:05:33","slug":"vagas-primeiro-passaporte","status":"publish","type":"post","link":"https:\/\/conssanpaolo.esteri.it\/it\/news\/dal_consolato\/2025\/05\/vagas-primeiro-passaporte\/","title":{"rendered":"Novas vagas de agendamento para a modalidade de \u201cprimeiro passaporte\u201d"},"content":{"rendered":"<div class=\"\" data-block=\"true\" data-editor=\"3occ2\" data-offset-key=\"b3dne-0-0\">\n<div class=\"_1mf _1mj\" data-offset-key=\"b3dne-0-0\"><span data-offset-key=\"b3dne-0-0\">Abriremos novas vagas de agendamento para a modalidade de \u201cprimeiro passaporte\u201d na quinta-feira dia 22\/05, \u00e0s 18.30 horas (de Bras\u00edlia).<\/span><\/div>\n<\/div>\n<div class=\"\" data-block=\"true\" data-editor=\"3occ2\" data-offset-key=\"849nb-0-0\">\n<div class=\"_1mf _1mj\" data-offset-key=\"849nb-0-0\"><span data-offset-key=\"849nb-0-0\">\u00a0<\/span><\/div>\n<\/div>\n<div class=\"\" data-block=\"true\" data-editor=\"3occ2\" data-offset-key=\"bpeel-0-0\">\n<div class=\"_1mf _1mj\" data-offset-key=\"bpeel-0-0\"><span data-offset-key=\"bpeel-0-0\">Lembramos a todos que \u00e9 essencial estar com o cadastro atualizado no momento do agendamento. Diverg\u00eancias no cadastro poder\u00e3o impossibilitar o atendimento no dia agendado. <\/span><\/div>\n<\/div>\n<div class=\"\" data-block=\"true\" data-editor=\"3occ2\" data-offset-key=\"9c29l-0-0\">\n<div class=\"_1mf _1mj\" data-offset-key=\"9c29l-0-0\"><span data-offset-key=\"9c29l-0-0\">\u00a0<\/span><\/div>\n<\/div>\n<div class=\"\" data-block=\"true\" data-editor=\"3occ2\" data-offset-key=\"2bt3i-0-0\">\n<div class=\"_1mf _1mj\" data-offset-key=\"2bt3i-0-0\"><span data-offset-key=\"2bt3i-0-0\">Em caso de diverg\u00eancias cadastrais este Consulado Geral entra em contato telefonicamente (n\u00famero fixo com come\u00e7o 3549-XXXX). Solicitamos que o n\u00famero de telefone informado no portal prenot@mi esteja correto e que os requerentes atendam a chamada para evitar que o agendamento seja cancelado.<\/span><\/div>\n<\/div>\n<div class=\"\" data-block=\"true\" data-editor=\"3occ2\" data-offset-key=\"208dd-0-0\">\n<div class=\"_1mf _1mj\" data-offset-key=\"208dd-0-0\"><span data-offset-key=\"208dd-0-0\">\u00a0<\/span><\/div>\n<\/div>\n<div class=\"\" data-block=\"true\" data-editor=\"3occ2\" data-offset-key=\"2v4na-0-0\">\n<div class=\"_1mf _1mj\" data-offset-key=\"2v4na-0-0\"><span data-offset-key=\"2v4na-0-0\">Contamos com a atenta leitura de todos das informa\u00e7\u00f5es dispostas em nosso site para que o servi\u00e7o seja prestado de maneira otimizada a todos.<\/span><\/div>\n<\/div>\n<div class=\"\" data-block=\"true\" data-editor=\"3occ2\" data-offset-key=\"dopbh-0-0\">\n<div class=\"_1mf _1mj\" data-offset-key=\"dopbh-0-0\"><span data-offset-key=\"dopbh-0-0\">\u00a0<\/span><\/div>\n<\/div>\n<div class=\"\" data-block=\"true\" data-editor=\"3occ2\" data-offset-key=\"4noi5-0-0\">\n<div class=\"_1mf _1mj\" data-offset-key=\"4noi5-0-0\"><span data-offset-key=\"4noi5-0-0\">Todas as orienta\u00e7\u00f5es e todos os documentos necess\u00e1rios podem ser visualizados no link:<\/span><\/div>\n<\/div>\n<div class=\"\" data-block=\"true\" data-editor=\"3occ2\" data-offset-key=\"buvb0-0-0\">\n<div class=\"_1mf _1mj\" data-offset-key=\"buvb0-0-0\"><span data-offset-key=\"buvb0-0-0\">https:\/\/conssanpaolo.esteri.it\/&#8230;\/servizi&#8230;\/passaporti\/<\/span><\/div>\n<\/div>\n<div class=\"\" data-block=\"true\" data-editor=\"3occ2\" data-offset-key=\"96goa-0-0\"><\/div>\n","protected":false},"excerpt":{"rendered":"Abriremos novas vagas de agendamento para a modalidade de \u201cprimeiro passaporte\u201d na quinta-feira dia 22\/05, \u00e0s 18.30 horas (de Bras\u00edlia). \u00a0 Lembramos a todos que \u00e9 essencial estar com o cadastro atualizado no momento do agendamento. Diverg\u00eancias no cadastro poder\u00e3o impossibilitar o atendimento no dia agendado. \u00a0 Em caso de diverg\u00eancias cadastrais este Consulado Geral [&hellip;]","protected":false},"author":6,"featured_media":6440,"comment_status":"closed","ping_status":"closed","sticky":false,"template":"","format":"standard","meta":{"footnotes":""},"tags":[],"class_list":["post-7440","post","type-post","status-publish","format-standard","has-post-thumbnail","hentry"],"_links":{"self":[{"href":"https:\/\/conssanpaolo.esteri.it\/it\/wp-json\/wp\/v2\/posts\/7440","targetHints":{"allow":["GET"]}}],"collection":[{"href":"https:\/\/conssanpaolo.esteri.it\/it\/wp-json\/wp\/v2\/posts"}],"about":[{"href":"https:\/\/conssanpaolo.esteri.it\/it\/wp-json\/wp\/v2\/types\/post"}],"author":[{"embeddable":true,"href":"https:\/\/conssanpaolo.esteri.it\/it\/wp-json\/wp\/v2\/users\/6"}],"replies":[{"embeddable":true,"href":"https:\/\/conssanpaolo.esteri.it\/it\/wp-json\/wp\/v2\/comments?post=7440"}],"version-history":[{"count":2,"href":"https:\/\/conssanpaolo.esteri.it\/it\/wp-json\/wp\/v2\/posts\/7440\/revisions"}],"predecessor-version":[{"id":7446,"href":"https:\/\/conssanpaolo.esteri.it\/it\/wp-json\/wp\/v2\/posts\/7440\/revisions\/7446"}],"wp:featuredmedia":[{"embeddable":true,"href":"https:\/\/conssanpaolo.esteri.it\/it\/wp-json\/wp\/v2\/media\/6440"}],"wp:attachment":[{"href":"https:\/\/conssanpaolo.esteri.it\/it\/wp-json\/wp\/v2\/media?parent=7440"}],"wp:term":[{"taxonomy":"post_tag","embeddable":true,"href":"https:\/\/conssanpaolo.esteri.it\/it\/wp-json\/wp\/v2\/tags?post=7440"}],"curies":[{"name":"wp","href":"https:\/\/api.w.org\/{rel}","templated":true}]}}