{"id":1280,"date":"2020-10-19T15:52:12","date_gmt":"2020-10-19T13:52:12","guid":{"rendered":"https:\/\/conssanpaolo.esteri.it\/news\/dal_consolato\/2020\/10\/xx-settimana-della-lingua-italiana\/"},"modified":"2020-10-19T15:52:12","modified_gmt":"2020-10-19T13:52:12","slug":"xx-settimana-della-lingua-italiana","status":"publish","type":"post","link":"https:\/\/conssanpaolo.esteri.it\/it\/news\/dal_consolato\/2020\/10\/xx-settimana-della-lingua-italiana\/","title":{"rendered":"XX SETTIMANA DELLA LINGUA ITALIANA NEL MONDO"},"content":{"rendered":"<p style=\"font-size: 16px; box-sizing: border-box; word-wrap: break-word; margin: 0px 0px 8.5px; line-height: 1.5em; caret-color: #484848; color: #484848; font-family: 'Titillium Web', Arial, sans-serif;\">La <span style=\"box-sizing: border-box; word-wrap: break-word; text-decoration: underline;\"><span style=\"box-sizing: border-box; word-wrap: break-word; font-weight: bold;\"><a href=\"https:\/\/www.esteri.it\/mae\/it\/politica_estera\/cultura\/promozionelinguaitaliana\/settimanalinguaitaliana\/\" style=\"box-sizing: border-box; word-wrap: break-word; color: #38518a; text-decoration: none; background-position: 0px 0px;\">XX Settimana della lingua italiana<\/a><\/span><\/span> nel mondo si svolge &#8211; sotto l&#8217;Alto Patronato del Presidente della Repubblica &#8211; dal 19 al 25 ottobre 2020 e ha come titolo &#8220;L&#8217;italiano tra parola e immagine: graffiti, illustrazioni, fumetti&#8221;, una tematica che pu\u00f2 essere declinata sia in chiave storico-linguistica, sia ponendo l&#8217;accento su forme espressive come il fumetto, la novella grafica e l&#8217;editoria per ragazzi.<\/p>\n<p style=\"font-size: 16px; box-sizing: border-box; word-wrap: break-word; margin: 0px 0px 8.5px; line-height: 1.5em; caret-color: #484848; color: #484848; font-family: 'Titillium Web', Arial, sans-serif;\">In questa cornice, e per celebrare il centenario della nascita dello scrittore italiano Gianni Rodari, l\u2019Istituto Italiano di Cultura di San Paolo (IIC-SP) ha preparato una serie di eventi su varie piattaforme, con l\u2019intento di sottolineare l\u2019importanza della letteratura di Rodari in Brasile.<\/p>\n<p style=\"font-size: 16px; box-sizing: border-box; word-wrap: break-word; margin: 0px 0px 8.5px; line-height: 1.5em; caret-color: #484848; color: #484848; font-family: 'Titillium Web', Arial, sans-serif;\">\u201cIl centenario di Gianni Rodari \u00e8 un\u2019opportunit\u00e0 per scoprire e riscoprire il mondo magico di questo autore, che ha incantato generazioni di lettori. Spero che l\u2019allegria e la gioia che le parole di Rodari trasmettono ci possano aiutare a vedere il futuro con ottimismo, persino in tempi cos\u00ec complicati\u201d, ha commentato Michele Gialdroni, direttore dell\u2019Istituto Italiano di Cultura di San Paolo.<\/p>\n<p style=\"font-size: 16px; box-sizing: border-box; word-wrap: break-word; margin: 0px 0px 8.5px; line-height: 1.5em; caret-color: #484848; color: #484848; font-family: 'Titillium Web', Arial, sans-serif;\"><span style=\"box-sizing: border-box; word-wrap: break-word; font-weight: bold;\">Alcune Favole | Algumas F\u00e1bulas<\/span> \u00e8 un progetto multimediale, creato con la collaborazione dell\u2019attore Alvise Camozzi, che regala ai bambini, spettatori privilegiati della produzione letteraria di Rodari, una piattaforma interattiva con dieci racconti illustrati e accompagnati musicalmente. L\u2019idea \u00e8 quella di stimolare l\u2019immaginazione e l\u2019ascolto attraverso questi testi, gravitando intorno ad un universo fantastico. La proposta \u00e8 nata dalla lettura di uno dei libri pi\u00f9 conosciuti di Rodari, Favole al telefono.<\/p>\n<p style=\"font-size: 16px; box-sizing: border-box; word-wrap: break-word; margin: 0px 0px 8.5px; line-height: 1.5em; caret-color: #484848; color: #484848; font-family: 'Titillium Web', Arial, sans-serif;\">Il libro, motore di questo progetto, \u00e8 stato pubblicato nel 1962, rivelandosi per\u00f2 incredibilmente attuale. \u201cIl telefono si inserisce tra i molti oggetti, reali e fantastici, presenti nelle storie di Rodari. Al giorno d\u2019oggi questo strumento rappresenta molto di pi\u00f9 di un semplice mezzo di comunicazione, \u00e8 diventato una vera e propria interfaccia con il mondo esterno. Osserviamo la vita e la realt\u00e0 attraverso il telefono, misuriamo temperature, visitiamo luoghi, ci orientiamo con le mappe, ascoltiamo consigli, leggiamo notizie, costruiamo le nostre opinioni, gusti, spese e desideri. Possiamo affermare che oggi il telefono rappresenta lo specchio virtuale tramite cui costruiamo la nostra realt\u00e0. Lo proposta suggestiva \u00e8 quella tentare, una volta per tutte, di alimentare anche la nostra fantasia\u201d, riflette Camozzi.<\/p>\n<p style=\"font-size: 16px; box-sizing: border-box; word-wrap: break-word; margin: 0px 0px 8.5px; line-height: 1.5em; caret-color: #484848; color: #484848; font-family: 'Titillium Web', Arial, sans-serif;\">Ogni racconto sar\u00e0 accompagnato da un\u2019animazione originale creata dall\u2019artista Jos\u00e9 Sampaio, che esplora l\u2019universo grafico di Rodari in modo unico e divertente, accompagnato dalla colonna sonora di Daniel Maia. I testi potranno essere letti ed ascoltati in Italiano e Portoghese. La direzione artistica \u00e8 ad opera di William Zarella. Il sito <a href=\"https:\/\/www.alcunefavole.art.br\/\" style=\"box-sizing: border-box; word-wrap: break-word; color: #38518a; text-decoration: none; background-position: 0px 0px;\">www.alcunefavole.art.br<\/a>, che sar\u00e0 disponibile a partire dal <span style=\"box-sizing: border-box; word-wrap: break-word; font-weight: bold;\">15 \u00a0ottobre<\/span>, conterr\u00e0 inoltre, grazie alla collaborazione con il <a href=\"it\/\" style=\"box-sizing: border-box; word-wrap: break-word; color: #38518a; text-decoration: none; background-position: 0px 0px;\">Consolato Generale d\u2019Italia a San Paolo<\/a>, tutte le schede relative agli eventi organizzati dai partner in occasione della XX Settimana della Lingua Italiana nel Mondo presenti sul territorio.<\/p>\n<p style=\"font-size: 16px; box-sizing: border-box; word-wrap: break-word; margin: 0px 0px 8.5px; line-height: 1.5em; caret-color: #484848; color: #484848; font-family: 'Titillium Web', Arial, sans-serif;\">La seconda iniziativa sar\u00e0 la mostra intitolata <a href=\"https:\/\/iicsanpaolo.esteri.it\/iic_sanpaolo\/pt\/gli_eventi\/calendario\/2020\/10\/figure-per-gianni-rodari-21-illustratori.html\" style=\"box-sizing: border-box; word-wrap: break-word; color: #38518a; text-decoration: none; background-position: 0px 0px;\"><span style=\"box-sizing: border-box; word-wrap: break-word; font-weight: bold;\">Figure per Gianni Rodari<\/span><\/a>, realizzata in collaborazione con la Bologna Children\u2019s Book Fair. All\u2019esposizione saranno presentate le opere di ventuno illustratori Italiani, personalit\u00e0 storiche come Bruno Munari e grandi artisti contemporanei come Beatrice Alemagna e Manuele Fior.<\/p>\n<p style=\"font-size: 16px; box-sizing: border-box; word-wrap: break-word; margin: 0px 0px 8.5px; line-height: 1.5em; caret-color: #484848; color: #484848; font-family: 'Titillium Web', Arial, sans-serif;\">\u201cNel 2020 ricorre il centenario della nascita di Gianni Rodari, cos\u00ec la Bologna Children\u2019s Book Fair ha approfittato di questa opportunit\u00e0 per omaggiare uno degli autori per l\u2019infanzia pi\u00f9 innovatori, nonch\u00e9 il primo italiano nella storia a vincere il prestigioso Premio Hans Christian Andersen nel 1970. Questa esposizione, inaugurata a Portland (Oregon), \u00e8 stata presentata a San Francisco, Bologna, e con grande gioia arriver\u00e0 anche a San Paolo\u201d ha commentato Dolores Prades, consulente della Bologna Children\u2019s Book Fair.<\/p>\n<p style=\"font-size: 16px; box-sizing: border-box; word-wrap: break-word; margin: 0px 0px 8.5px; line-height: 1.5em; caret-color: #484848; color: #484848; font-family: 'Titillium Web', Arial, sans-serif;\">La mostra sar\u00e0 esposta nel giardino dell\u2019IIC SP ad Higien\u00f3polis a partire dal 26 ottobre, seguendo tutte le dovute norme precauzionali stabilite dai protocolli di sicurezza presentati dalle istituzioni sanitarie in contrasto alla diffusione del nuovo coronavirus.<\/p>\n<p style=\"font-size: 16px; box-sizing: border-box; word-wrap: break-word; margin: 0px 0px 8.5px; line-height: 1.5em; caret-color: #484848; color: #484848; font-family: 'Titillium Web', Arial, sans-serif;\">Un ulteriore omaggio a Gianni Rodari sar\u00e0 la mostra itinerante &#8211; promossa dal Comune di Omegna e dal Parco della Fantasia \u201cGianni Rodari\u201d &#8211; <a href=\"https:\/\/iicsanpaolo.esteri.it\/iic_sanpaolo\/it\/gli_eventi\/calendario\/2020\/10\/mostra-c-era-due-volte-il-barone.html\" style=\"box-sizing: border-box; word-wrap: break-word; color: #38518a; text-decoration: none; background-position: 0px 0px;\"><span style=\"box-sizing: border-box; word-wrap: break-word; font-weight: bold;\">C&#8217;era due volte il barone Lamberto<\/span><\/a> dedicata principalmente al suo ultimo romanzo &#8220;C&#8217;era due volte il barone Lamberto ovvero I misteri dell&#8217;isola di San Giulio&#8221; del 1978. Il romanzo, ambientato sul Lago d&#8217;Orta, vicino alla citt\u00e0 natale di Rodari, Omegna, rappresenta un \u201critorno, vivace e amorevole ad un tempo e ai luoghi dell&#8217;infanzia dell\u2019autore.\u201d<\/p>\n<p style=\"font-size: 16px; box-sizing: border-box; word-wrap: break-word; margin: 0px 0px 8.5px; line-height: 1.5em; caret-color: #484848; color: #484848; font-family: 'Titillium Web', Arial, sans-serif;\">La mostra, che conta con la curatela del Prof. Pino Boero, oltre a riprodurre le illustrazioni di rinomati artisti che in periodi diversi hanno letto e interpretato le pagine del romanzo, ne presenta anche le sequenze narrative pi\u00f9 espressive.<\/p>\n<p style=\"font-size: 16px; box-sizing: border-box; word-wrap: break-word; margin: 0px 0px 8.5px; line-height: 1.5em; caret-color: #484848; color: #484848; font-family: 'Titillium Web', Arial, sans-serif;\">La prima tappa della mostra sar\u00e0 presentata dal <span style=\"box-sizing: border-box; word-wrap: break-word; font-weight: bold;\">19 al 24 ottobre<\/span> presso la Scuola Italiana Eugenio Montale (San Paolo) ed \u00e8 realizzata in collaborazione con l\u2019Istituto Italiano di Cultura di San Paolo e il Consolato Generale d\u2019Italia a San Paolo.<\/p>\n<p style=\"font-size: 16px; box-sizing: border-box; word-wrap: break-word; margin: 0px 0px 8.5px; line-height: 1.5em; caret-color: #484848; color: #484848; font-family: 'Titillium Web', Arial, sans-serif;\">Un altro evento commemorativo sar\u00e0 un ciclo di <span style=\"box-sizing: border-box; word-wrap: break-word; font-weight: bold;\">due conferenze online<\/span> organizzate dall\u2019IIC-SP, nelle quali sar\u00e0 presentata al pubblico l\u2019opera e l\u2019eredit\u00e0 di Gianni Rodari. La curatrice e mediatrice degli eventi sar\u00e0 Michaella Pivetti, una designer grafica, dottoressa alla FAU-USP e autrice del libro \u201cLa fantasia, il design e la letteratura per l\u2019infanzia\u201d, vincitore del premio FNLIJ 2020 nella categoria della saggistica.<\/p>\n<p style=\"font-size: 16px; box-sizing: border-box; word-wrap: break-word; margin: 0px 0px 8.5px; line-height: 1.5em; caret-color: #484848; color: #484848; font-family: 'Titillium Web', Arial, sans-serif;\">Nella <a href=\"https:\/\/iicsanpaolo.esteri.it\/iic_sanpaolo\/it\/gli_eventi\/calendario\/2020\/10\/ciclo-di-conferenze-on-line-cent.html\" style=\"box-sizing: border-box; word-wrap: break-word; color: #38518a; text-decoration: none; background-position: 0px 0px;\">prima conferenza<\/a>, il <span style=\"box-sizing: border-box; word-wrap: break-word; font-weight: bold;\">20 ottobre<\/span> alle ore 15, si riuniranno Pino Boero, professore all\u2019Universit\u00e0 di Genova, studioso di letteratura per l\u2019infanzia e massimo esperto dell\u2019opera di Rodari, e Luciano Migliaccio, professore di storia dell\u2019arte nel dipartimento di storia e architettura ed estetica del progetto della FAU-USP. Gli autori presenteranno e dibatteranno la grande rilevanza dell\u2019autore e della sua opera, tessendo un dialogo che attraverser\u00e0 arte e letteratura a partire dalla cultura italiana.<\/p>\n<p style=\"font-size: 16px; box-sizing: border-box; word-wrap: break-word; margin: 0px 0px 8.5px; line-height: 1.5em; caret-color: #484848; color: #484848; font-family: 'Titillium Web', Arial, sans-serif;\">Durante la <a href=\"https:\/\/iicsanpaolo.esteri.it\/iic_sanpaolo\/it\/gli_eventi\/calendario\/2020\/10\/ciclo-di-conferenze-on-line-cent_0.html\" style=\"box-sizing: border-box; word-wrap: break-word; color: #38518a; text-decoration: none; background-position: 0px 0px;\">seconda conferenza<\/a>, che avverr\u00e0 il <span style=\"box-sizing: border-box; word-wrap: break-word; font-weight: bold;\">22 ottobre<\/span> sempre alle ore 15, si discuter\u00e0 sulla presenza dell\u2019opera letteraria di Rodari in Brasile, sia da un punto di vista istituzionale ed editoriale, sia per quanto riguarda la creazione artistica. Tra i partecipanti al seminario avremo Dolores Prades, consulente della Bologna Children\u2019s Book Fair; Alberto Martins della casa editrice 34; Alexandre Martins Fontes della casa editrice Martins Fontes; e Eva Funari, una autrice ed illustratrice di libri per bambini particolarmente rinomata. Solamente per l\u2019occasione durante l\u2019evento sar\u00e0 esibita un\u2019opera grafica dell\u2019artista Guto Lacaz ispirata ad un\u2019immagine particolare dell\u2019universo fantastico di Rodari.<\/p>\n<p style=\"font-size: 16px; box-sizing: border-box; word-wrap: break-word; margin: 0px 0px 8.5px; line-height: 1.5em; caret-color: #484848; color: #484848; font-family: 'Titillium Web', Arial, sans-serif;\">Tutti gli incontri saranno aperti al pubblico e trasmessi sul canale YouTube dell\u2019IIC-SP e anche attraverso altri social networks. La prima conferenza disporr\u00e0 di una traduzione simultanea.<\/p>\n<p style=\"font-size: 16px; box-sizing: border-box; word-wrap: break-word; margin: 0px 0px 8.5px; line-height: 1.5em; caret-color: #484848; color: #484848; font-family: 'Titillium Web', Arial, sans-serif;\">Inoltre, sempre nell&#8217;ambito della XX Settimana della Lingua Italina nel Mondo, il <span style=\"box-sizing: border-box; word-wrap: break-word; font-weight: bold;\">21 ottobre<\/span> alle ore 14:00 si svolger\u00e0 un webinar dedicato a <span style=\"box-sizing: border-box; word-wrap: break-word; font-weight: bold;\">\u201c<a href=\"http:\/\/fumettineimusei.it\/\" style=\"box-sizing: border-box; word-wrap: break-word; color: #38518a; text-decoration: none; background-position: 0px 0px;\">Fumetti nei Musei<\/a>\u201d<\/span>, l\u2019iniziativa del MIBACT che promuove un nuovo dialogo tra bambini e ragazzi e 51 musei italiani la cui contemporaneit\u00e0 viene raccontata attraverso la matita di alcuni tra i pi\u00f9 celebri fumettisti italiani. Le storie a fumetti realizzate infatti vengono ricevute gratuitamente dagli studenti che partecipando alle attivit\u00e0 educative organizzate nell\u2019ambito dei laboratori e delle visite guidate dei musei dello Stato.<\/p>\n<p style=\"font-size: 16px; box-sizing: border-box; word-wrap: break-word; margin: 0px 0px 8.5px; line-height: 1.5em; caret-color: #484848; color: #484848; font-family: 'Titillium Web', Arial, sans-serif;\">Partecipano all\u2019incontro ALTAN, che ha illustrato la storia di Ida Frooz al Castello Scaligero di Sirmione, Sara Colaone, che ha firmato la storia che ha come protagonista il Palazzo Ducale di Mantova e Paolo Giulierini, Direttore del Museo Archeologico Nazionale di Napoli. Il mediatore del webinar sar\u00e0 Michele Gialdroni, Direttore IIC San Paolo.<\/p>\n<p style=\"font-size: 16px; box-sizing: border-box; word-wrap: break-word; margin: 0px 0px 8.5px; line-height: 1.5em; caret-color: #484848; color: #484848; font-family: 'Titillium Web', Arial, sans-serif;\">L\u2019incontro, della durata di circa un\u2019ora, si svolger\u00e0 in italiano e verr\u00e0 trasmesso in diretta sulla pagina Facebook dell\u2019IIC San Paolo<\/p>\n<p>\u00a0<\/p>\n","protected":false},"excerpt":{"rendered":"La XX Settimana della lingua italiana nel mondo si svolge &#8211; sotto l&#8217;Alto Patronato del Presidente della Repubblica &#8211; dal 19 al 25 ottobre 2020 e ha come titolo &#8220;L&#8217;italiano tra parola e immagine: graffiti, illustrazioni, fumetti&#8221;, una tematica che pu\u00f2 essere declinata sia in chiave storico-linguistica, sia ponendo l&#8217;accento su forme espressive come il [&hellip;]","protected":false},"author":1,"featured_media":0,"comment_status":"","ping_status":"","sticky":false,"template":"","format":"standard","meta":{"footnotes":""},"tags":[],"class_list":["post-1280","post","type-post","status-publish","format-standard","hentry"],"_links":{"self":[{"href":"https:\/\/conssanpaolo.esteri.it\/it\/wp-json\/wp\/v2\/posts\/1280","targetHints":{"allow":["GET"]}}],"collection":[{"href":"https:\/\/conssanpaolo.esteri.it\/it\/wp-json\/wp\/v2\/posts"}],"about":[{"href":"https:\/\/conssanpaolo.esteri.it\/it\/wp-json\/wp\/v2\/types\/post"}],"author":[{"embeddable":true,"href":"https:\/\/conssanpaolo.esteri.it\/it\/wp-json\/wp\/v2\/users\/1"}],"replies":[{"embeddable":true,"href":"https:\/\/conssanpaolo.esteri.it\/it\/wp-json\/wp\/v2\/comments?post=1280"}],"version-history":[{"count":0,"href":"https:\/\/conssanpaolo.esteri.it\/it\/wp-json\/wp\/v2\/posts\/1280\/revisions"}],"wp:attachment":[{"href":"https:\/\/conssanpaolo.esteri.it\/it\/wp-json\/wp\/v2\/media?parent=1280"}],"wp:term":[{"taxonomy":"post_tag","embeddable":true,"href":"https:\/\/conssanpaolo.esteri.it\/it\/wp-json\/wp\/v2\/tags?post=1280"}],"curies":[{"name":"wp","href":"https:\/\/api.w.org\/{rel}","templated":true}]}}