{"id":1274,"date":"2020-10-26T19:11:19","date_gmt":"2020-10-26T18:11:19","guid":{"rendered":"https:\/\/conssanpaolo.esteri.it\/news\/dal_consolato\/2020\/10\/emergenza-coronavirus-riattivazione\/"},"modified":"2020-10-26T19:11:19","modified_gmt":"2020-10-26T18:11:19","slug":"emergenza-coronavirus-riattivazione","status":"publish","type":"post","link":"https:\/\/conssanpaolo.esteri.it\/it\/news\/dal_consolato\/2020\/10\/emergenza-coronavirus-riattivazione\/","title":{"rendered":"EMERGENZA CORONAVIRUS &#8211; RIATTIVAZIONE DELLE PRENOTAZIONI PER I SERVIZI CONSOLARI AVVISO ALL\u2019UTENZA"},"content":{"rendered":"<p style=\"margin: 0cm; font-family: 'Times New Roman', serif; text-align: justify; line-height: 24px;\"><span style=\"font-family: Arial, Helvetica, sans-serif;\">A partire dal 9 novembre prossimo, nella pi\u00f9 rigorosa applicazione di tutte le misure di contrasto al diffondersi dell\u2019epidemia da Covid-19, il Consolato Generale d\u2019Italia a San Paolo operer\u00e0 una prima, graduale e limitata riattivazione dei servizi consolari presenziali, in aggiunta a quelli fino ad ora sempre garantiti in via emergenziale.<\/span><\/p>\n<p style=\"margin: 0cm; font-family: 'Times New Roman', serif; text-align: justify; line-height: 24px;\"><span style=\"font-family: Arial, Helvetica, sans-serif;\"><\/span><\/p>\n<p style=\"margin: 0cm; font-family: 'Times New Roman', serif; text-align: justify; line-height: 24px;\"><span style=\"font-family: Arial, Helvetica, sans-serif;\">Per garantire la necessaria attivit\u00e0 di prevenzione dell\u2019epidemia Covid-19 a tutela del personale e dell\u2019utenza, il funzionamento della struttura sar\u00e0 regolato da una serie di misure. Di conseguenza, il Consolato Generale ricever\u00e0 esclusivamente su appuntamento a orario preciso, che verr\u00e0 comunicato, ai singoli utenti, al momento della prenotazione, al fine di mantenere entro limiti di sicurezza il rapporto tra spazi disponibili e persone presenti. L\u2019accesso sar\u00e0 autorizzato esclusivamente a chi \u00e8 in possesso di un appuntamento e all\u2019orario stabilito. Non sono ammessi familiari che non devono svolgere pratiche amministrative, tranne i genitori che accompagnano minori per l\u2019emissione del passaporto. Gli utenti che accederanno ai locali del Consolato Generale saranno chiamati a seguire all\u2019interno della struttura un rigido protocollo, che prevede la misurazione della temperatura, il mantenimento delle distanze di sicurezza e l\u2019uso obbligatorio della mascherina.<\/span><\/p>\n<p style=\"margin: 0cm; font-family: 'Times New Roman', serif; text-align: justify; line-height: 24px;\"><span style=\"font-family: Arial, Helvetica, sans-serif;\"><\/span><\/p>\n<p style=\"margin: 0cm; font-family: 'Times New Roman', serif; line-height: 24px;\"><span style=\"font-family: Arial, Helvetica, sans-serif;\">La riattivazione dei servizi in presenza riguarda i settori per i quali il Consolato Generale \u00e8 autorizzato a funzionare, mentre al momento non verranno riattivate le attivit\u00e0 legate all\u2019emissione di visti, in quanto, in base al DPCM del 13 ottobre 2020, non \u00e8 ammesso l\u2019ingresso in Italia in provenienza dal Brasile\u00a0ad eccezione dei visti per reingresso.<\/span><\/p>\n<p style=\"margin: 0cm; font-family: 'Times New Roman', serif; text-align: justify; line-height: 24px;\"><span style=\"font-family: Arial, Helvetica, sans-serif;\"><\/span><\/p>\n<p style=\"margin: 0cm; font-family: 'Times New Roman', serif; text-align: justify; line-height: 24px;\"><span style=\"font-family: Arial, Helvetica, sans-serif;\">Le modalit\u00e0 di prenotazione tornano a essere le stesse del periodo pre Covid-19, sebbene i posti disponibili per gli appuntamenti saranno inferiori rispetto al regime ordinario. Si invita pertanto l\u2019utenza a valutare l\u2019effettiva urgenza del servizio richiesto.\u00a0<\/span><\/p>\n<p style=\"margin: 0cm; font-family: 'Times New Roman', serif; text-align: justify; line-height: 24px;\"><span style=\"font-family: Arial, Helvetica, sans-serif;\"><\/span><\/p>\n<p style=\"margin: 0cm; font-family: 'Times New Roman', serif; text-align: justify; line-height: 24px;\"><span style=\"font-family: Arial, Helvetica, sans-serif;\">Relativamente al servizio passaporti, a partire dal 29 ottobre 2020, il sistema di prenotazione di appuntamento tramite video chiamata Whatsapp sar\u00e0 di nuovo attivo, al numero: \u00a0 <strong><span style=\"color: #364f89;\">(11) \u00a0+55 11 98872-8110\u00a0<br \/><\/span><\/strong><\/span><\/p>\n<p style=\"margin: 0cm; font-family: 'Times New Roman', serif; text-align: justify; line-height: 24px;\"><span style=\"font-family: Arial, Helvetica, sans-serif;\"><\/span><\/p>\n<p style=\"margin: 0cm; font-family: 'Times New Roman', serif; text-align: justify; line-height: 24px;\"><span style=\"font-family: Arial, Helvetica, sans-serif;\">Relativamente alla cittadinanza, l\u2019Ufficio proceder\u00e0 a riattivare le convocazioni, dandone comunicazione diretta agli interessati. Le richieste di accesso alla lista di attesa <strong>2020<\/strong> continueranno a essere ricevute tramite l\u2019<strong>e-mail\u00a0<\/strong><strong><span style=\"text-decoration: underline;\"><a href=\"mailto:sanpaolo.modulocitt@esteri.it\" style=\"color: #954f72;\"><span style=\"color: #364f89;\">sanpaolo.modulocitt@esteri.it<\/span><\/a><\/span><\/strong>, attivit\u00e0 tra l\u2019altro non sospesa durante la pandemia.<\/span><\/p>\n<p style=\"margin: 0cm; font-family: 'Times New Roman', serif; line-height: 24px;\"><span style=\"font-family: Arial, Helvetica, sans-serif;\"><\/span><\/p>\n<p style=\"margin: 0cm; font-family: 'Times New Roman', serif; text-align: justify; line-height: 24px;\"><span style=\"font-family: Arial, Helvetica, sans-serif;\">Per i restanti servizi, \u00e8 possibile prenotare un appuntamento scrivendo al settore competente. La lista dei settori e i relativi contatti \u00e8 consultabile al seguente link<\/span><\/p>\n<p style=\"margin: 0cm; font-family: 'Times New Roman', serif; text-align: justify; line-height: 24px;\"><span style=\"font-family: Arial, Helvetica, sans-serif;\"><a href=\"it\/il_consolato\/gli_uffici\/gli-uffici.html\" style=\"color: #954f72;\"><span style=\"color: #364f89;\">https:\/\/conssanpaolo.esteri.it\/consolato_sanpaolo\/it\/il_consolato\/gli_uffici\/gli-uffici.html<\/span><\/a><\/span><\/p>\n<p>\u00a0<\/p>\n","protected":false},"excerpt":{"rendered":"A partire dal 9 novembre prossimo, nella pi\u00f9 rigorosa applicazione di tutte le misure di contrasto al diffondersi dell\u2019epidemia da Covid-19, il Consolato Generale d\u2019Italia a San Paolo operer\u00e0 una prima, graduale e limitata riattivazione dei servizi consolari presenziali, in aggiunta a quelli fino ad ora sempre garantiti in via emergenziale. Per garantire la necessaria [&hellip;]","protected":false},"author":1,"featured_media":0,"comment_status":"","ping_status":"","sticky":false,"template":"","format":"standard","meta":{"footnotes":""},"tags":[],"class_list":["post-1274","post","type-post","status-publish","format-standard","hentry"],"_links":{"self":[{"href":"https:\/\/conssanpaolo.esteri.it\/it\/wp-json\/wp\/v2\/posts\/1274","targetHints":{"allow":["GET"]}}],"collection":[{"href":"https:\/\/conssanpaolo.esteri.it\/it\/wp-json\/wp\/v2\/posts"}],"about":[{"href":"https:\/\/conssanpaolo.esteri.it\/it\/wp-json\/wp\/v2\/types\/post"}],"author":[{"embeddable":true,"href":"https:\/\/conssanpaolo.esteri.it\/it\/wp-json\/wp\/v2\/users\/1"}],"replies":[{"embeddable":true,"href":"https:\/\/conssanpaolo.esteri.it\/it\/wp-json\/wp\/v2\/comments?post=1274"}],"version-history":[{"count":0,"href":"https:\/\/conssanpaolo.esteri.it\/it\/wp-json\/wp\/v2\/posts\/1274\/revisions"}],"wp:attachment":[{"href":"https:\/\/conssanpaolo.esteri.it\/it\/wp-json\/wp\/v2\/media?parent=1274"}],"wp:term":[{"taxonomy":"post_tag","embeddable":true,"href":"https:\/\/conssanpaolo.esteri.it\/it\/wp-json\/wp\/v2\/tags?post=1274"}],"curies":[{"name":"wp","href":"https:\/\/api.w.org\/{rel}","templated":true}]}}